{"id":22337,"date":"2014-09-09T10:48:47","date_gmt":"2014-09-09T15:48:47","guid":{"rendered":"http:\/\/www.ambiente.gob.ec\/?p=22337"},"modified":"2014-09-09T11:09:27","modified_gmt":"2014-09-09T16:09:27","slug":"continuan-actividades-de-control-minero-en-azuay","status":"publish","type":"post","link":"https:\/\/www.ambienteyenergia.gob.ec\/ambiente\/continuan-actividades-de-control-minero-en-azuay\/","title":{"rendered":"Contin\u00faan actividades de control minero en Azuay"},"content":{"rendered":"<p>El Ministerio del Ambiente, a trav\u00e9s de la Direcci\u00f3n Provincial de Azuay, realiz\u00f3 el pasado 2 de septiembre una inspecci\u00f3n de las actividades mineras en el sector de Chiquintur del cant\u00f3n Gualaceo, con el fin de constatar el cumplimiento de los par\u00e1metros establecidos en la normativa ambiental vigente.<\/p>\n<p style=\"text-align: justify;\">T\u00e9cnicos de esta Cartera de Estado estuvieron todo el d\u00eda recorriendo las mineras ubicadas en el r\u00edo Santa B\u00e1rbara, para verificar que la actividad ejecutada contara con la respectiva licencia ambiental.<\/p>\n<p style=\"text-align: justify;\">En las inspecciones se verifica de manera constante el cumplimiento de los planes de manejo ambiental para todos los proyectos regularizados mediante informes de monitoreo, auditor\u00edas de cumplimiento, entre otros mecanismos de control.<\/p>\n<p style=\"text-align: justify;\">Esta Cartera de Estado trabaja de forma conjunta con el Gobierno Aut\u00f3nomo Descentralizado de Gualaceo y la Agencia de Regulaci\u00f3n y Control Minero (ARCOM) en el control de las \u00e1reas mineras de la zona. Adem\u00e1s de estas actividades, el MAE asesora a t\u00e9cnicos municipales en la elaboraci\u00f3n de las ordenanzas referentes a temas ambientales.<\/p>\n<p style=\"text-align: justify;\">La M\u00e1xima Autoridad Ambiental promueve una miner\u00eda totalmente responsable con la naturaleza, fortaleciendo los controles y supervisando de manera constante la aplicaci\u00f3n de los lineamientos requeridos para el otorgamiento de licencias y categorizando las fases de miner\u00eda, a partir del nivel de impacto.<\/p>\n","protected":false},"excerpt":{"rendered":"<p class=\"excerpt\">El Ministerio del Ambiente, a trav\u00e9s de la Direcci\u00f3n Provincial de Azuay, realiz\u00f3 el pasado 2 de septiembre una inspecci\u00f3n de las actividades mineras en el sector de Chiquintur del cant\u00f3n Gualaceo, con el fin de constatar el cumplimiento de los par\u00e1metros establecidos en la normativa ambiental vigente. T\u00e9cnicos de esta Cartera de Estado estuvieron todo el d\u00eda recorriendo las&hellip; <a href=\"https:\/\/www.ambienteyenergia.gob.ec\/ambiente\/continuan-actividades-de-control-minero-en-azuay\/\">Read more &rarr;<\/a><\/p>\n","protected":false},"author":13,"featured_media":22340,"comment_status":"open","ping_status":"open","sticky":false,"template":"","format":"standard","meta":{"footnotes":""},"categories":[16,4],"tags":[],"class_list":["post-22337","post","type-post","status-publish","format-standard","has-post-thumbnail","hentry","category-comunicamos","category-noticias","xfolkentry"],"_links":{"self":[{"href":"https:\/\/www.ambienteyenergia.gob.ec\/ambiente\/wp-json\/wp\/v2\/posts\/22337","targetHints":{"allow":["GET"]}}],"collection":[{"href":"https:\/\/www.ambienteyenergia.gob.ec\/ambiente\/wp-json\/wp\/v2\/posts"}],"about":[{"href":"https:\/\/www.ambienteyenergia.gob.ec\/ambiente\/wp-json\/wp\/v2\/types\/post"}],"author":[{"embeddable":true,"href":"https:\/\/www.ambienteyenergia.gob.ec\/ambiente\/wp-json\/wp\/v2\/users\/13"}],"replies":[{"embeddable":true,"href":"https:\/\/www.ambienteyenergia.gob.ec\/ambiente\/wp-json\/wp\/v2\/comments?post=22337"}],"version-history":[{"count":0,"href":"https:\/\/www.ambienteyenergia.gob.ec\/ambiente\/wp-json\/wp\/v2\/posts\/22337\/revisions"}],"wp:featuredmedia":[{"embeddable":true,"href":"https:\/\/www.ambienteyenergia.gob.ec\/ambiente\/wp-json\/wp\/v2\/media\/22340"}],"wp:attachment":[{"href":"https:\/\/www.ambienteyenergia.gob.ec\/ambiente\/wp-json\/wp\/v2\/media?parent=22337"}],"wp:term":[{"taxonomy":"category","embeddable":true,"href":"https:\/\/www.ambienteyenergia.gob.ec\/ambiente\/wp-json\/wp\/v2\/categories?post=22337"},{"taxonomy":"post_tag","embeddable":true,"href":"https:\/\/www.ambienteyenergia.gob.ec\/ambiente\/wp-json\/wp\/v2\/tags?post=22337"}],"curies":[{"name":"wp","href":"https:\/\/api.w.org\/{rel}","templated":true}]}}