{"id":22334,"date":"2014-09-09T10:07:57","date_gmt":"2014-09-09T15:07:57","guid":{"rendered":"http:\/\/www.ambiente.gob.ec\/?p=22334"},"modified":"2014-09-09T10:07:57","modified_gmt":"2014-09-09T15:07:57","slug":"reserva-ecologica-el-angel-celebro-22-anos-de-creacion-y-conservacion","status":"publish","type":"post","link":"https:\/\/www.ambienteyenergia.gob.ec\/ambiente\/reserva-ecologica-el-angel-celebro-22-anos-de-creacion-y-conservacion\/","title":{"rendered":"Reserva Ecol\u00f3gica El \u00c1ngel celebr\u00f3 22 a\u00f1os de creaci\u00f3n y conservaci\u00f3n"},"content":{"rendered":"<p style=\"text-align: justify;\">Con un evento solemne y rendici\u00f3n de cuentas, el Ministerio del Ambiente (MAE) celebr\u00f3 este 8 de septiembre, el XXII Aniversario de la Declaratoria de la Reserva Ecol\u00f3gica El \u00c1ngel (REEA) como \u00e1rea protegida. Este espacio natural es conocido a nivel nacional por sus importancia h\u00eddrica y biol\u00f3gica, adem\u00e1s de su maravilloso paisaje.<\/p>\n<p style=\"text-align: justify;\">\nEn el evento participaron alrededor de 100 personas entre ellas, autoridades regionales y locales del Gobierno Provincial\u00a0 del Carchi, Gobiernos Parroquiales, del Comit\u00e9 de Gesti\u00f3n de la reserva y alcaldes de los cantones Espejo y Mira, con quienes se ratific\u00f3 el compromiso y apoyo a la gesti\u00f3n de la Reserva Ecol\u00f3gica El \u00c1ngel.<\/p>\n<p style=\"text-align: justify;\">\nEl \u00c1ngel ubicado en la provincia del Carchi, tiene una extensi\u00f3n de 16 541 hect\u00e1reas y es uno de los pocos p\u00e1ramos del pa\u00eds donde se encuentra el frailej\u00f3n, una subespecie de planta end\u00e9mica que habita en este tipo de ecosistemas. Asimismo, el \u00e1rea protegida es el lugar de nacimiento de varios r\u00edos y microcuencas, por lo que alberga una rica biodiversidad. Por esta raz\u00f3n, el MAE cuenta con un plan de manejo que busca principalmente su conservaci\u00f3n.<\/p>\n<p style=\"text-align: justify;\">\nPara conmemorar este d\u00eda, el MAE present\u00f3 el informe de gesti\u00f3n del \u00e1rea, as\u00ed como los programas y actividades que se ejecutan. Tambi\u00e9n se destac\u00f3 el trabajo en equipo de los funcionarios del MAE y el apoyo de los municipios de Espejo, Bol\u00edvar y Mira para proteger y promover la conservaci\u00f3n de la reserva.<\/p>\n","protected":false},"excerpt":{"rendered":"<p class=\"excerpt\">Con un evento solemne y rendici\u00f3n de cuentas, el Ministerio del Ambiente (MAE) celebr\u00f3 este 8 de septiembre, el XXII Aniversario de la Declaratoria de la Reserva Ecol\u00f3gica El \u00c1ngel (REEA) como \u00e1rea protegida. Este espacio natural es conocido a nivel nacional por sus importancia h\u00eddrica y biol\u00f3gica, adem\u00e1s de su maravilloso paisaje. En el evento participaron alrededor de 100&hellip; <a href=\"https:\/\/www.ambienteyenergia.gob.ec\/ambiente\/reserva-ecologica-el-angel-celebro-22-anos-de-creacion-y-conservacion\/\">Read more &rarr;<\/a><\/p>\n","protected":false},"author":13,"featured_media":22335,"comment_status":"open","ping_status":"open","sticky":false,"template":"","format":"standard","meta":{"footnotes":""},"categories":[16,4],"tags":[],"class_list":["post-22334","post","type-post","status-publish","format-standard","has-post-thumbnail","hentry","category-comunicamos","category-noticias","xfolkentry"],"_links":{"self":[{"href":"https:\/\/www.ambienteyenergia.gob.ec\/ambiente\/wp-json\/wp\/v2\/posts\/22334","targetHints":{"allow":["GET"]}}],"collection":[{"href":"https:\/\/www.ambienteyenergia.gob.ec\/ambiente\/wp-json\/wp\/v2\/posts"}],"about":[{"href":"https:\/\/www.ambienteyenergia.gob.ec\/ambiente\/wp-json\/wp\/v2\/types\/post"}],"author":[{"embeddable":true,"href":"https:\/\/www.ambienteyenergia.gob.ec\/ambiente\/wp-json\/wp\/v2\/users\/13"}],"replies":[{"embeddable":true,"href":"https:\/\/www.ambienteyenergia.gob.ec\/ambiente\/wp-json\/wp\/v2\/comments?post=22334"}],"version-history":[{"count":0,"href":"https:\/\/www.ambienteyenergia.gob.ec\/ambiente\/wp-json\/wp\/v2\/posts\/22334\/revisions"}],"wp:featuredmedia":[{"embeddable":true,"href":"https:\/\/www.ambienteyenergia.gob.ec\/ambiente\/wp-json\/wp\/v2\/media\/22335"}],"wp:attachment":[{"href":"https:\/\/www.ambienteyenergia.gob.ec\/ambiente\/wp-json\/wp\/v2\/media?parent=22334"}],"wp:term":[{"taxonomy":"category","embeddable":true,"href":"https:\/\/www.ambienteyenergia.gob.ec\/ambiente\/wp-json\/wp\/v2\/categories?post=22334"},{"taxonomy":"post_tag","embeddable":true,"href":"https:\/\/www.ambienteyenergia.gob.ec\/ambiente\/wp-json\/wp\/v2\/tags?post=22334"}],"curies":[{"name":"wp","href":"https:\/\/api.w.org\/{rel}","templated":true}]}}