{"id":22331,"date":"2014-09-08T17:34:46","date_gmt":"2014-09-08T22:34:46","guid":{"rendered":"http:\/\/www.ambiente.gob.ec\/?p=22331"},"modified":"2014-09-09T08:38:55","modified_gmt":"2014-09-09T13:38:55","slug":"inicia-primer-taller-de-capacitacion-de-compras-publicas-sostenibles-y-ecoetiquetado","status":"publish","type":"post","link":"https:\/\/www.ambienteyenergia.gob.ec\/ambiente\/inicia-primer-taller-de-capacitacion-de-compras-publicas-sostenibles-y-ecoetiquetado\/","title":{"rendered":"Inicia primer taller de capacitaci\u00f3n de Compras P\u00fablicas Sostenibles y Ecoetiquetado"},"content":{"rendered":"<p style=\"text-align: justify;\">Este 8 y 9 de septiembre, se realiza en Quito, el primer taller de capacitaci\u00f3n de Compras P\u00fablicas Sostenibles y Ecoetiquetado, que tienen como objetivo principal ayudar a los gobiernos a cumplir metas medioambientales como la reducci\u00f3n de las emisiones de gases de efecto invernadero, mejora en la eficiencia energ\u00e9tica y el consumo de agua.<\/p>\n<p style=\"text-align: justify;\">El evento, organizado por el Servicio Nacional de Contrataci\u00f3n P\u00fablica\u00a0 y el Ministerio del Ambiente con el apoyo del Programa de Naciones Unidas para el Medio Ambiente (PNUMA), cont\u00f3 con representantes y autoridades de las instituciones antes mencionadas, quienes presentaron el alcance del proyecto a las diferentes Entidades del Estado presentes.<\/p>\n<p style=\"text-align: justify;\">En ese sentido, M\u00f3nica Borrero, T\u00e9cnico Regional de Compras P\u00fablicas Sostenibles y Ecoetiquetado PNUMA, explic\u00f3 que esta \u00e1rea de consumo responsable surgi\u00f3 hace varios a\u00f1os a nivel global, por la creciente demanda de bienes y servicios. \u00abSi seguimos con los patrones de consumo actuales vamos a sobre pasar el l\u00edmite de la capacidad de la tierra\u00bb, asegur\u00f3.<\/p>\n<p style=\"text-align: justify;\">El gasto p\u00fablico representa entre el 8 y 30% del Producto Interno Bruto Nacional y cada compra es una oportunidad de impulsar a los mercados hacia la innovaci\u00f3n y sostenibilidad. Los beneficios sociales de compras p\u00fablicas sostenibles incluyen la reducci\u00f3n de la pobreza, el aumento de la equidad y el respeto a las normas fundamentales del trabajo. Asimismo, desde una perspectiva econ\u00f3mica, las compras p\u00fablicas sostenibles pueden generar ingresos, reducir costes y fomentar la transferencia de competencias y tecnolog\u00eda.<\/p>\n<p style=\"text-align: justify;\">Este proceso representa una actuaci\u00f3n importante del Ecuador ante la comunidad internacional y sobre todo en la Regi\u00f3n. La elaboraci\u00f3n de Pol\u00edticas Nacionales en Compras\u00a0 P\u00fablicas sostenibles y su aplicaci\u00f3n permite que el sector p\u00fablico apoye la optimizaci\u00f3n de los recursos naturales y la reducci\u00f3n de la contaminaci\u00f3n. De la misma forma, aporta al desarrollo sostenible y al cambio de patrones de producci\u00f3n y consumo, promoviendo el Buen Vivir.<\/p>\n<p style=\"text-align: justify;\">En el desarrollo del encuentro tambi\u00e9n participaron Henry Cisneros, Coordinador Nacional de Planificaci\u00f3n (e) del Servicio Nacional de Contrataci\u00f3n P\u00fablica (Sercop); Andr\u00e9s Red\u00edn, Director de Investigaci\u00f3n y Estudios SERCOP; e Irma Su\u00e1rez, Coordinadora de la Unidad de Producci\u00f3n y Consumo Sostenible del MAE, Santiago Salazar T\u00e9cnico de la Unidad de Producci\u00f3n y Consumo Sostenible MAE y Roberto Logro\u00f1o<\/p>\n<p style=\"text-align: justify;\"><strong>El dato<\/strong><\/p>\n<p style=\"text-align: justify;\">Para este programa, el PNUMA aportar\u00e1 con USD74.000,00 y asesor\u00eda t\u00e9cnica durante todo el proceso.<\/p>\n","protected":false},"excerpt":{"rendered":"<p class=\"excerpt\">Este 8 y 9 de septiembre, se realiza en Quito, el primer taller de capacitaci\u00f3n de Compras P\u00fablicas Sostenibles y Ecoetiquetado, que tienen como objetivo principal ayudar a los gobiernos a cumplir metas medioambientales como la reducci\u00f3n de las emisiones de gases de efecto invernadero, mejora en la eficiencia energ\u00e9tica y el consumo de agua. El evento, organizado por el&hellip; <a href=\"https:\/\/www.ambienteyenergia.gob.ec\/ambiente\/inicia-primer-taller-de-capacitacion-de-compras-publicas-sostenibles-y-ecoetiquetado\/\">Read more &rarr;<\/a><\/p>\n","protected":false},"author":13,"featured_media":22332,"comment_status":"open","ping_status":"open","sticky":false,"template":"","format":"standard","meta":{"footnotes":""},"categories":[16,4],"tags":[],"class_list":["post-22331","post","type-post","status-publish","format-standard","has-post-thumbnail","hentry","category-comunicamos","category-noticias","xfolkentry"],"_links":{"self":[{"href":"https:\/\/www.ambienteyenergia.gob.ec\/ambiente\/wp-json\/wp\/v2\/posts\/22331","targetHints":{"allow":["GET"]}}],"collection":[{"href":"https:\/\/www.ambienteyenergia.gob.ec\/ambiente\/wp-json\/wp\/v2\/posts"}],"about":[{"href":"https:\/\/www.ambienteyenergia.gob.ec\/ambiente\/wp-json\/wp\/v2\/types\/post"}],"author":[{"embeddable":true,"href":"https:\/\/www.ambienteyenergia.gob.ec\/ambiente\/wp-json\/wp\/v2\/users\/13"}],"replies":[{"embeddable":true,"href":"https:\/\/www.ambienteyenergia.gob.ec\/ambiente\/wp-json\/wp\/v2\/comments?post=22331"}],"version-history":[{"count":0,"href":"https:\/\/www.ambienteyenergia.gob.ec\/ambiente\/wp-json\/wp\/v2\/posts\/22331\/revisions"}],"wp:featuredmedia":[{"embeddable":true,"href":"https:\/\/www.ambienteyenergia.gob.ec\/ambiente\/wp-json\/wp\/v2\/media\/22332"}],"wp:attachment":[{"href":"https:\/\/www.ambienteyenergia.gob.ec\/ambiente\/wp-json\/wp\/v2\/media?parent=22331"}],"wp:term":[{"taxonomy":"category","embeddable":true,"href":"https:\/\/www.ambienteyenergia.gob.ec\/ambiente\/wp-json\/wp\/v2\/categories?post=22331"},{"taxonomy":"post_tag","embeddable":true,"href":"https:\/\/www.ambienteyenergia.gob.ec\/ambiente\/wp-json\/wp\/v2\/tags?post=22331"}],"curies":[{"name":"wp","href":"https:\/\/api.w.org\/{rel}","templated":true}]}}