{"id":22328,"date":"2014-09-09T08:32:29","date_gmt":"2014-09-09T13:32:29","guid":{"rendered":"http:\/\/www.ambiente.gob.ec\/?p=22328"},"modified":"2014-09-09T08:32:29","modified_gmt":"2014-09-09T13:32:29","slug":"mae-capacita-a-productores-de-panela-para-su-regularizacion-ambiental","status":"publish","type":"post","link":"https:\/\/www.ambienteyenergia.gob.ec\/ambiente\/mae-capacita-a-productores-de-panela-para-su-regularizacion-ambiental\/","title":{"rendered":"MAE capacita a productores de panela para su regularizaci\u00f3n ambiental"},"content":{"rendered":"<p style=\"text-align: justify;\">La Zona Subtropical de Intag cuenta con varias f\u00e1bricas de elaboraci\u00f3n de panela, una de las principales actividades econ\u00f3micas de los moradores de las comunidades de la parroquia Cuellaje.<\/p>\n<p>El Ministerio del Ambiente de Ecuador (MAE), a trav\u00e9s del Distrito Cuellaje en coordinaci\u00f3n con la unidad de Calidad Ambiental de la Direcci\u00f3n Provincial del Ambiente de Imbabura se encuentra socializando la ley de gesti\u00f3n ambiental para el inicio de toda actividad que que genere impacto ambiental, con el fin de contribuir a su regularizaci\u00f3n por medio de la solicitud de licencia ambiental, seg\u00fan la actividad que se realiza.<\/p>\n<p>Por tal raz\u00f3n, el pasado mi\u00e9rcoles, se realiz\u00f3 una capacitaci\u00f3n con la participaci\u00f3n de 68 personas entre propietarios de paneleras y alumnos de varias Unidades Educativas de la provincia.<\/p>\n<p>El procedimiento a seguir para la obtenci\u00f3n de la ficha ambiental y plan de manejo ambiental, para la obtenci\u00f3n de la Licencia Ambiental II, fue uno de los temas que se socializaron en esta jornada de trabajo. Adem\u00e1s los participantes conocieron sobre la Categorizaci\u00f3n Ambiental Nacional de donde se derivan categor\u00eda I, II, III, IV, seg\u00fan consta en los Acuerdos Ministeriales N\u00b0 068 y 006.<\/p>\n<p>La industria panelera del sector, debido a que genera impacto ambiental causado por la quema de neum\u00e1ticos en el proceso de elaboraci\u00f3n de la panela, debe poseer una licencia ambiental de categor\u00eda II, de acuerdo a la normativa aplicable.<\/p>\n<p>El MAE brindar\u00e1 el apoyo t\u00e9cnico necesario a todos los propietarios de productoras de panela con el fin de brindar las facilidades necesarias para su regularizaci\u00f3n.<\/p>\n","protected":false},"excerpt":{"rendered":"<p class=\"excerpt\">La Zona Subtropical de Intag cuenta con varias f\u00e1bricas de elaboraci\u00f3n de panela, una de las principales actividades econ\u00f3micas de los moradores de las comunidades de la parroquia Cuellaje. El Ministerio del Ambiente de Ecuador (MAE), a trav\u00e9s del Distrito Cuellaje en coordinaci\u00f3n con la unidad de Calidad Ambiental de la Direcci\u00f3n Provincial del Ambiente de Imbabura se encuentra socializando&hellip; <a href=\"https:\/\/www.ambienteyenergia.gob.ec\/ambiente\/mae-capacita-a-productores-de-panela-para-su-regularizacion-ambiental\/\">Read more &rarr;<\/a><\/p>\n","protected":false},"author":13,"featured_media":22329,"comment_status":"open","ping_status":"open","sticky":false,"template":"","format":"standard","meta":{"footnotes":""},"categories":[16,4],"tags":[],"class_list":["post-22328","post","type-post","status-publish","format-standard","has-post-thumbnail","hentry","category-comunicamos","category-noticias","xfolkentry"],"_links":{"self":[{"href":"https:\/\/www.ambienteyenergia.gob.ec\/ambiente\/wp-json\/wp\/v2\/posts\/22328","targetHints":{"allow":["GET"]}}],"collection":[{"href":"https:\/\/www.ambienteyenergia.gob.ec\/ambiente\/wp-json\/wp\/v2\/posts"}],"about":[{"href":"https:\/\/www.ambienteyenergia.gob.ec\/ambiente\/wp-json\/wp\/v2\/types\/post"}],"author":[{"embeddable":true,"href":"https:\/\/www.ambienteyenergia.gob.ec\/ambiente\/wp-json\/wp\/v2\/users\/13"}],"replies":[{"embeddable":true,"href":"https:\/\/www.ambienteyenergia.gob.ec\/ambiente\/wp-json\/wp\/v2\/comments?post=22328"}],"version-history":[{"count":0,"href":"https:\/\/www.ambienteyenergia.gob.ec\/ambiente\/wp-json\/wp\/v2\/posts\/22328\/revisions"}],"wp:featuredmedia":[{"embeddable":true,"href":"https:\/\/www.ambienteyenergia.gob.ec\/ambiente\/wp-json\/wp\/v2\/media\/22329"}],"wp:attachment":[{"href":"https:\/\/www.ambienteyenergia.gob.ec\/ambiente\/wp-json\/wp\/v2\/media?parent=22328"}],"wp:term":[{"taxonomy":"category","embeddable":true,"href":"https:\/\/www.ambienteyenergia.gob.ec\/ambiente\/wp-json\/wp\/v2\/categories?post=22328"},{"taxonomy":"post_tag","embeddable":true,"href":"https:\/\/www.ambienteyenergia.gob.ec\/ambiente\/wp-json\/wp\/v2\/tags?post=22328"}],"curies":[{"name":"wp","href":"https:\/\/api.w.org\/{rel}","templated":true}]}}