{"id":22322,"date":"2014-09-08T16:28:28","date_gmt":"2014-09-08T21:28:28","guid":{"rendered":"http:\/\/www.ambiente.gob.ec\/?p=22322"},"modified":"2014-09-08T16:38:19","modified_gmt":"2014-09-08T21:38:19","slug":"mae-moviliza-50-383-neumaticos-usados-a-escala-nacional","status":"publish","type":"post","link":"https:\/\/www.ambienteyenergia.gob.ec\/ambiente\/mae-moviliza-50-383-neumaticos-usados-a-escala-nacional\/","title":{"rendered":"MAE moviliza 50 383 neum\u00e1ticos usados a escala nacional"},"content":{"rendered":"<p style=\"text-align: justify;\">El Ministerio del Ambiente (MAE), a trav\u00e9s del Programa Nacional para la Gesti\u00f3n Integral de Desechos S\u00f3lidos (PNGIDS), ha movilizado\u00a0 50.383 neum\u00e1ticos usados de los rellenos sanitarios y botaderos a cielo abierto de 12 municipios del pa\u00eds, entre los meses de junio y agosto de este a\u00f1o.<\/p>\n<p style=\"text-align: justify;\">La cifra representa aproximadamente 1 500 metros cuadrados (equivalentes a una y media piscina ol\u00edmpica) liberados para ser utilizados con el dep\u00f3sito de otros desechos, y contribuyendo as\u00ed, a la prolongaci\u00f3n de su vida \u00fatil en beneficio de la ciudadan\u00eda.<\/p>\n<p style=\"text-align: justify;\">Esos resultados han sido posibles gracias a la aplicaci\u00f3n del Plan Nacional de Movilizaci\u00f3n de Neum\u00e1ticos, que consiste en el retiro de los neum\u00e1ticos usados de los rellenos sanitarios y de los botaderos a cielo abierto a escala nacional, para luego ser trasladados a empresas encargadas de procesarlos y crear nuevos productos a partir de su reciclaje.<\/p>\n<p style=\"text-align: justify;\">Al momento, se movilizaron los neum\u00e1ticos movilizados provenientes de los rellenos sanitarios y botaderos a cielo abierto de los cantones Manta, Esmeraldas, Loja, Pelileo, Guaranda, Pi\u00f1as, Huaquillas, Machala, Pasaje, Santa Rosa, Balsas y Marcabeli.<\/p>\n<p style=\"text-align: justify;\">Este martes 9 de septiembre, se retirar\u00e1n m\u00e1s de\u00a0 5 mil neum\u00e1ticos de los cantones Francisco de Orellana, la Joya De Los Sachas y Loreto de la provincia de Orellana.<\/p>\n<p style=\"text-align: justify;\">En los pr\u00f3ximos meses se evacuar\u00e1n m\u00e1s neum\u00e1ticos usados de la provincia de Esmeraldas, as\u00ed como de los cantones La Libertad, Santa Elena y Salinas de la provincia de Santa Elena; Quevedo, Babahoyo, Buena Fe, Valencia, Ventanas, y Puebloviejo, de la provincia de Los R\u00edos; Ca\u00f1ar, Bibli\u00e1n y Azogues, de la provincia de Ca\u00f1ar; en Santa Isabel, del Azuay, y Ambato, Tungurahua.<\/p>\n<p style=\"text-align: justify;\">Con esta iniciativa, el Ministerio del Ambiente busca disminuir riesgos de car\u00e1cter sanitario y ambiental, pues si los neum\u00e1ticos no reciben un tratamiento t\u00e9cnico como desechos especiales podr\u00edan generar inconvenientes a la salud p\u00fablica, considerando el gran espacio que ocupan en los rellenos sanitarios y botaderos a cielo abierto. Frente a esto, la autoridad ambiental prev\u00e9 movilizar este a\u00f1o al menos 70 mil neum\u00e1ticos.<\/p>\n<p style=\"text-align: justify;\">El Ministerio de Salud P\u00fablica se ha sumado a esta acci\u00f3n, a trav\u00e9s de la fumigaci\u00f3n de los neum\u00e1ticos usados, t\u00e9cnica que evitar\u00e1 la proliferaci\u00f3n de plagas.<\/p>\n","protected":false},"excerpt":{"rendered":"<p class=\"excerpt\">El Ministerio del Ambiente (MAE), a trav\u00e9s del Programa Nacional para la Gesti\u00f3n Integral de Desechos S\u00f3lidos (PNGIDS), ha movilizado\u00a0 50.383 neum\u00e1ticos usados de los rellenos sanitarios y botaderos a cielo abierto de 12 municipios del pa\u00eds, entre los meses de junio y agosto de este a\u00f1o. La cifra representa aproximadamente 1 500 metros cuadrados (equivalentes a una y media&hellip; <a href=\"https:\/\/www.ambienteyenergia.gob.ec\/ambiente\/mae-moviliza-50-383-neumaticos-usados-a-escala-nacional\/\">Read more &rarr;<\/a><\/p>\n","protected":false},"author":13,"featured_media":22323,"comment_status":"open","ping_status":"open","sticky":false,"template":"","format":"standard","meta":{"footnotes":""},"categories":[16,4],"tags":[],"class_list":["post-22322","post","type-post","status-publish","format-standard","has-post-thumbnail","hentry","category-comunicamos","category-noticias","xfolkentry"],"_links":{"self":[{"href":"https:\/\/www.ambienteyenergia.gob.ec\/ambiente\/wp-json\/wp\/v2\/posts\/22322","targetHints":{"allow":["GET"]}}],"collection":[{"href":"https:\/\/www.ambienteyenergia.gob.ec\/ambiente\/wp-json\/wp\/v2\/posts"}],"about":[{"href":"https:\/\/www.ambienteyenergia.gob.ec\/ambiente\/wp-json\/wp\/v2\/types\/post"}],"author":[{"embeddable":true,"href":"https:\/\/www.ambienteyenergia.gob.ec\/ambiente\/wp-json\/wp\/v2\/users\/13"}],"replies":[{"embeddable":true,"href":"https:\/\/www.ambienteyenergia.gob.ec\/ambiente\/wp-json\/wp\/v2\/comments?post=22322"}],"version-history":[{"count":0,"href":"https:\/\/www.ambienteyenergia.gob.ec\/ambiente\/wp-json\/wp\/v2\/posts\/22322\/revisions"}],"wp:featuredmedia":[{"embeddable":true,"href":"https:\/\/www.ambienteyenergia.gob.ec\/ambiente\/wp-json\/wp\/v2\/media\/22323"}],"wp:attachment":[{"href":"https:\/\/www.ambienteyenergia.gob.ec\/ambiente\/wp-json\/wp\/v2\/media?parent=22322"}],"wp:term":[{"taxonomy":"category","embeddable":true,"href":"https:\/\/www.ambienteyenergia.gob.ec\/ambiente\/wp-json\/wp\/v2\/categories?post=22322"},{"taxonomy":"post_tag","embeddable":true,"href":"https:\/\/www.ambienteyenergia.gob.ec\/ambiente\/wp-json\/wp\/v2\/tags?post=22322"}],"curies":[{"name":"wp","href":"https:\/\/api.w.org\/{rel}","templated":true}]}}