{"id":22317,"date":"2014-09-08T15:12:42","date_gmt":"2014-09-08T20:12:42","guid":{"rendered":"http:\/\/www.ambiente.gob.ec\/?p=22317"},"modified":"2014-09-08T15:13:48","modified_gmt":"2014-09-08T20:13:48","slug":"mae-inicio-programa-de-marcaje-de-tortugas-marinas","status":"publish","type":"post","link":"https:\/\/www.ambienteyenergia.gob.ec\/ambiente\/mae-inicio-programa-de-marcaje-de-tortugas-marinas\/","title":{"rendered":"Inicia  programa de marcaje de tortugas marinas en Pacoche"},"content":{"rendered":"<p style=\"text-align: justify;\">Ayer, t\u00e9cnicos y guardapaques del Refugio de Vida Silvestre\u00a0y Marino Costera Pacoche realizaron el primer marcaje de tortuga dentro del \u00e1rea protegida, se trat\u00f3 de un ejemplar de la especie Lepidochelys olivacea conocida por su nombre com\u00fan como Golfina.<\/p>\n<p style=\"text-align: justify;\">\u00a0\u00c1ngelo Traverso, director provincial del Ministerio del Ambiente de Manab\u00ed, coment\u00f3 que el marcaje se realiz\u00f3 a las 13:00 en la playa denominada La Botada, en la Parroquia San Lorenzo de Manta. \u00abEs com\u00fan en estos meses del a\u00f1o el arribo de numerosas tortugas para realizar el desove o puesta de huevos como parte del ciclo reproductivo de la especie, hecho que se presenta principalmente en las playas de San Lorenzo y La Botada, por lo que se aprovech\u00f3 la ocasi\u00f3n\u00bb, explic\u00f3.<\/p>\n<p style=\"text-align: justify;\">En el proceso se marc\u00f3 a alrededor de 88 huevos en la zona de playa. Adem\u00e1s, se registraron datos como el posicionamiento geogr\u00e1fico, tama\u00f1o de la huella, longitud de ancho y largo de caparaz\u00f3n, entre otros.<\/p>\n<p style=\"text-align: justify;\">\u00a0El programa de monitoreo y marcaje de tortugas que se implementa en el refugio tiene por objeto registrar caracter\u00edsticas biol\u00f3gicas de la especie, as\u00ed como sus patrones de reproducci\u00f3n y comportamiento migratorio. Estos datos permitir\u00e1n adaptar mejores estrategias para la conservaci\u00f3n de estas especies de tortugas marinas.<\/p>\n<p style=\"text-align: justify;\">Esta actividad forma parte de un proyecto de conservaci\u00f3n que se implementa desde junio del a\u00f1o 2012. Asimismo, desde el pasado mes se ha incorporado el marcaje de la especie mediante placas de registro.<\/p>\n<p style=\"text-align: justify;\">\n","protected":false},"excerpt":{"rendered":"<p class=\"excerpt\">Ayer, t\u00e9cnicos y guardapaques del Refugio de Vida Silvestre\u00a0y Marino Costera Pacoche realizaron el primer marcaje de tortuga dentro del \u00e1rea protegida, se trat\u00f3 de un ejemplar de la especie Lepidochelys olivacea conocida por su nombre com\u00fan como Golfina. \u00a0\u00c1ngelo Traverso, director provincial del Ministerio del Ambiente de Manab\u00ed, coment\u00f3 que el marcaje se realiz\u00f3 a las 13:00 en la&hellip; <a href=\"https:\/\/www.ambienteyenergia.gob.ec\/ambiente\/mae-inicio-programa-de-marcaje-de-tortugas-marinas\/\">Read more &rarr;<\/a><\/p>\n","protected":false},"author":13,"featured_media":22319,"comment_status":"open","ping_status":"open","sticky":false,"template":"","format":"standard","meta":{"footnotes":""},"categories":[16,4],"tags":[],"class_list":["post-22317","post","type-post","status-publish","format-standard","has-post-thumbnail","hentry","category-comunicamos","category-noticias","xfolkentry"],"_links":{"self":[{"href":"https:\/\/www.ambienteyenergia.gob.ec\/ambiente\/wp-json\/wp\/v2\/posts\/22317","targetHints":{"allow":["GET"]}}],"collection":[{"href":"https:\/\/www.ambienteyenergia.gob.ec\/ambiente\/wp-json\/wp\/v2\/posts"}],"about":[{"href":"https:\/\/www.ambienteyenergia.gob.ec\/ambiente\/wp-json\/wp\/v2\/types\/post"}],"author":[{"embeddable":true,"href":"https:\/\/www.ambienteyenergia.gob.ec\/ambiente\/wp-json\/wp\/v2\/users\/13"}],"replies":[{"embeddable":true,"href":"https:\/\/www.ambienteyenergia.gob.ec\/ambiente\/wp-json\/wp\/v2\/comments?post=22317"}],"version-history":[{"count":0,"href":"https:\/\/www.ambienteyenergia.gob.ec\/ambiente\/wp-json\/wp\/v2\/posts\/22317\/revisions"}],"wp:featuredmedia":[{"embeddable":true,"href":"https:\/\/www.ambienteyenergia.gob.ec\/ambiente\/wp-json\/wp\/v2\/media\/22319"}],"wp:attachment":[{"href":"https:\/\/www.ambienteyenergia.gob.ec\/ambiente\/wp-json\/wp\/v2\/media?parent=22317"}],"wp:term":[{"taxonomy":"category","embeddable":true,"href":"https:\/\/www.ambienteyenergia.gob.ec\/ambiente\/wp-json\/wp\/v2\/categories?post=22317"},{"taxonomy":"post_tag","embeddable":true,"href":"https:\/\/www.ambienteyenergia.gob.ec\/ambiente\/wp-json\/wp\/v2\/tags?post=22317"}],"curies":[{"name":"wp","href":"https:\/\/api.w.org\/{rel}","templated":true}]}}