{"id":22311,"date":"2014-09-08T14:25:15","date_gmt":"2014-09-08T19:25:15","guid":{"rendered":"http:\/\/www.ambiente.gob.ec\/?p=22311"},"modified":"2014-09-08T14:45:26","modified_gmt":"2014-09-08T19:45:26","slug":"galapagos-celebra-36-anos-como-patrimonio-natural-de-la-humanidad","status":"publish","type":"post","link":"https:\/\/www.ambienteyenergia.gob.ec\/ambiente\/galapagos-celebra-36-anos-como-patrimonio-natural-de-la-humanidad\/","title":{"rendered":"Gal\u00e1pagos celebra 36 a\u00f1os como Patrimonio Natural de la Humanidad"},"content":{"rendered":"<p style=\"margin: 0px; text-align: justify;\"><span id=\"OBJ_PREFIX_DWT1100_com_zimbra_date\" class=\"Object\">Hoy<\/span>, <span id=\"OBJ_PREFIX_DWT1101_com_zimbra_date\" class=\"Object\">8 de septiembre<\/span>, Gal\u00e1pagos cumple 36 a\u00f1os de la declaratoria como Patrimonio Natural de la Humanidad, designaci\u00f3n entregada por el Comit\u00e9 de Patrimonios de la de la Organizaci\u00f3n de las Naciones Unidas para la Educaci\u00f3n, la Ciencia y la Cultura (UNESCO).<\/p>\n<p style=\"margin: 0px; text-align: justify;\">La belleza natural de las islas, la diversidad y singularidad de especies que alberga, su origen volc\u00e1nico, su din\u00e1mica geol\u00f3gica con permanentes cambios y variedad de formaciones, el ser considerado un laboratorio vivo de procesos evolutivos a\u00fan en marcha, sumado a que dio cabida para el desarrollo de un gran n\u00famero de especies tanto animales como vegetales que no existen en ning\u00fan otro lugar del mundo, convierten a Gal\u00e1pagos en un sitio muy singular y de importancia mundial para la herencia com\u00fan de la humanidad.<\/p>\n<p style=\"margin: 0px; text-align: justify;\">Ser considerado un Patrimonio Natural de la Humanidad, es motivo de orgullo no solo para los galapague\u00f1os, sino tambi\u00e9n para los ecuatorianos, porque se reconoce el valor universal que poseen las islas Gal\u00e1pagos.<\/p>\n<p style=\"margin: 0px; text-align: justify;\">Este a\u00f1o, el Ministerio del Ambiente a trav\u00e9s de la Direcci\u00f3n del Parque Nacional Gal\u00e1pagos, la Direcci\u00f3n de Desarrollo Social del Gobierno Municipal de Santa Cruz, y el Colegio Nacional Gal\u00e1pagos, desarrollaron la tarde de <span id=\"OBJ_PREFIX_DWT1102_com_zimbra_date\" class=\"Object\">ayer<\/span> diferentes actividades para celebrar el aniversario de la declaratoria, como concursos de fotograf\u00eda aficionada, elaboraci\u00f3n de dulces galapague\u00f1os, y dibujo y pintura, para diferentes edades. Durante la noche se realiz\u00f3 una velada art\u00edstica cultural en la que intervinieron t\u00edteres, danza, m\u00fasica y poes\u00eda. A estas actividades se sumaron tambi\u00e9n otras instituciones como la Agencia de Regulaci\u00f3n y Control de la Bioseguridad y Cuarentena para Gal\u00e1pagos (ABG), empresas privadas y personas particulares.<\/p>\n<p style=\"margin: 0px; text-align: justify;\">Para hoy se tiene previsto el desarrollo de un desfile c\u00edvico de instituciones p\u00fablicas y planteles educativos, en Santa Cruz, luego de lo cual habr\u00e1 un concurso de oratoria. En las islas San Crist\u00f3bal e Isabela, tambi\u00e9n se prev\u00e9n actividades similares.<\/p>\n<p style=\"margin: 0px; text-align: justify;\">El Parque Nacional Gal\u00e1pagos fue declarado Patrimonio Natural de la Humanidad el <span id=\"OBJ_PREFIX_DWT1104_com_zimbra_date\" class=\"Object\">8 de septiembre<\/span> de 1978 por el Comit\u00e9 de Patrimonios de la Unesco, fue el primer sitio incluido en esta prestigiosa lista y uno de los pocos que cumple con los 4 criterios establecidos por la organizaci\u00f3n para recibir esta designaci\u00f3n. Posteriormente, el <span id=\"OBJ_PREFIX_DWT1105_com_zimbra_date\" class=\"Object\">2 de diciembre<\/span> de 2001, tambi\u00e9n se incluy\u00f3 en la declaratoria a la Reserva Marina de Gal\u00e1pagos.<\/p>\n<p style=\"margin: 0px; text-align: justify;\">\n<p style=\"margin: 0px; text-align: justify;\">Los 4 criterios que pusieron al Parque Nacional Gal\u00e1pagos como patrimonio de la Humanidad son:<\/p>\n<ol>\n<li style=\"text-align: justify;\">Contener fen\u00f3menos naturales superlativos o \u00e1reas de excepcional belleza natural e importancia est\u00e9tica.<\/li>\n<li style=\"text-align: justify;\">Ser uno de los ejemplos representativos de importantes etapas de la historia de la tierra, incluyendo testimonios de la vida, procesos geol\u00f3gicos creadores de formas geol\u00f3gicas o caracter\u00edsticas geom\u00f3rficas o fisiogr\u00e1ficas significativas.<\/li>\n<li style=\"text-align: justify;\">Ser uno de los ejemplos eminentes de procesos ecol\u00f3gicos y biol\u00f3gicos en el curso de la evoluci\u00f3n de los ecosistemas.<\/li>\n<li style=\"text-align: justify;\">Contener los h\u00e1bitats naturales m\u00e1s representativos y m\u00e1s importantes para la conservaci\u00f3n de la biodiversidad, incluyendo aquellos que contienen especies amenazadas de destacado valor universal desde el punto de vista de la ciencia y el conservacionismo.<\/li>\n<\/ol>\n<p style=\"margin: 0px; text-align: justify;\">M\u00e1s de 233 islas, islotes y rocas, nacidas de volcanes, conforman el archipi\u00e9lago de Gal\u00e1pagos. Gracias a su aislamiento, y a millones de a\u00f1os de evoluci\u00f3n, <span id=\"OBJ_PREFIX_DWT1106_com_zimbra_date\" class=\"Object\">hoy<\/span> cuenta con una variedad de ecosistemas pr\u00edstinos y \u00fanicos en el mundo.<\/p>\n","protected":false},"excerpt":{"rendered":"<p class=\"excerpt\">Hoy, 8 de septiembre, Gal\u00e1pagos cumple 36 a\u00f1os de la declaratoria como Patrimonio Natural de la Humanidad, designaci\u00f3n entregada por el Comit\u00e9 de Patrimonios de la de la Organizaci\u00f3n de las Naciones Unidas para la Educaci\u00f3n, la Ciencia y la Cultura (UNESCO). La belleza natural de las islas, la diversidad y singularidad de especies que alberga, su origen volc\u00e1nico, su&hellip; <a href=\"https:\/\/www.ambienteyenergia.gob.ec\/ambiente\/galapagos-celebra-36-anos-como-patrimonio-natural-de-la-humanidad\/\">Read more &rarr;<\/a><\/p>\n","protected":false},"author":13,"featured_media":22312,"comment_status":"open","ping_status":"open","sticky":false,"template":"","format":"standard","meta":{"footnotes":""},"categories":[16,4],"tags":[],"class_list":["post-22311","post","type-post","status-publish","format-standard","has-post-thumbnail","hentry","category-comunicamos","category-noticias","xfolkentry"],"_links":{"self":[{"href":"https:\/\/www.ambienteyenergia.gob.ec\/ambiente\/wp-json\/wp\/v2\/posts\/22311","targetHints":{"allow":["GET"]}}],"collection":[{"href":"https:\/\/www.ambienteyenergia.gob.ec\/ambiente\/wp-json\/wp\/v2\/posts"}],"about":[{"href":"https:\/\/www.ambienteyenergia.gob.ec\/ambiente\/wp-json\/wp\/v2\/types\/post"}],"author":[{"embeddable":true,"href":"https:\/\/www.ambienteyenergia.gob.ec\/ambiente\/wp-json\/wp\/v2\/users\/13"}],"replies":[{"embeddable":true,"href":"https:\/\/www.ambienteyenergia.gob.ec\/ambiente\/wp-json\/wp\/v2\/comments?post=22311"}],"version-history":[{"count":0,"href":"https:\/\/www.ambienteyenergia.gob.ec\/ambiente\/wp-json\/wp\/v2\/posts\/22311\/revisions"}],"wp:featuredmedia":[{"embeddable":true,"href":"https:\/\/www.ambienteyenergia.gob.ec\/ambiente\/wp-json\/wp\/v2\/media\/22312"}],"wp:attachment":[{"href":"https:\/\/www.ambienteyenergia.gob.ec\/ambiente\/wp-json\/wp\/v2\/media?parent=22311"}],"wp:term":[{"taxonomy":"category","embeddable":true,"href":"https:\/\/www.ambienteyenergia.gob.ec\/ambiente\/wp-json\/wp\/v2\/categories?post=22311"},{"taxonomy":"post_tag","embeddable":true,"href":"https:\/\/www.ambienteyenergia.gob.ec\/ambiente\/wp-json\/wp\/v2\/tags?post=22311"}],"curies":[{"name":"wp","href":"https:\/\/api.w.org\/{rel}","templated":true}]}}