{"id":22302,"date":"2014-09-05T12:50:03","date_gmt":"2014-09-05T17:50:03","guid":{"rendered":"http:\/\/www.ambiente.gob.ec\/?p=22302"},"modified":"2014-09-05T12:50:03","modified_gmt":"2014-09-05T17:50:03","slug":"mae-rescata-varios-especimenes-de-vida-silvestre-en-loja-2","status":"publish","type":"post","link":"https:\/\/www.ambienteyenergia.gob.ec\/ambiente\/mae-rescata-varios-especimenes-de-vida-silvestre-en-loja-2\/","title":{"rendered":"MAE rescata varios espec\u00edmenes de vida silvestre en Loja"},"content":{"rendered":"<p><em>Gracias al apoyo de la ciudadan\u00eda, se logr\u00f3 rescatar 8 espec\u00edmenes de vida silvestre en la provincia de Loja.<\/em><\/p>\n<p style=\"text-align: justify;\">El Ministerio del Ambiente de Ecuador (MAE), a trav\u00e9s de la Direcci\u00f3n Provincial del Ambiente de Loja, logr\u00f3 rescatar 8 espec\u00edmenes de vida silvestre, gracias al apoyo de la ciudadan\u00eda y un trabajo conjunto con la Unidad de Protecci\u00f3n del Medio Ambiente (UPMA) de la Polic\u00eda Nacional, con la finalidad de reinsertarlos en su h\u00e1bitat natural o en un espacio adecuado para su desarrollo.<\/p>\n<p style=\"text-align: justify;\">Durante el mes de agosto, t\u00e9cnicos de esta cartera de estado lograron recuperar un oso perezoso, un puerco esp\u00edn, dos pericos alicobaltico, dos t\u00f3rtolas ecuatorianas, una t\u00f3rtola mel\u00f3dica y una tangara azuleja.<\/p>\n<p style=\"text-align: justify;\">Luego de su rescate, estos animales pasaron por una exhaustiva revisi\u00f3n m\u00e9dica para determinar posibles problemas de salud. Los m\u00e9dicos veterinarios que realizaron este trabajo determinaron que todos los espec\u00edmenes contaban con un buen estado de salud, raz\u00f3n por la cual t\u00e9cnicos de esta Cartera de Estado determinaron la reinserci\u00f3n de varios de los animales a su h\u00e1bitat natural.<\/p>\n<p style=\"text-align: justify;\">El oso perezoso, luego de su revisi\u00f3n veterinaria en el Zool\u00f3gico Municipal Orillas del Zamora fue reinsertado en la zona de amortiguamiento del Parque Nacional Podocarpus, en la provincia de Loja.<\/p>\n<p style=\"text-align: justify;\">Por otro lado, el puerco esp\u00edn rescatado en la ciudad de Loja, luego del informe m\u00e9dico, fue trasladado al cant\u00f3n Zamora de la provincia de Zamora Chinchipe, en donde fue liberado en San Francisco, parroquia el Tambo, lugar que cuenta con las condiciones \u00f3ptimas para su desarrollo y alimentaci\u00f3n.<\/p>\n<p style=\"text-align: justify;\">En la parroquia de Malacatos se rescataron 6 espec\u00edmenes de vida silvestre, entre los que constan dos pericos alicobalticos, tres t\u00f3rtolas y una tangara azuleja, los cuales fueron entregados al Zool\u00f3gico Municipal Orillas del Zamora, en el cual pasaron por una valoraci\u00f3n veterinaria la misma que determin\u00f3 que estos animales se encuentran completamente domesticados y con sus gu\u00edas cortadas, motivo por el cual estas aves no podr\u00e1n regresar a su h\u00e1bitat natural por su incapacidad para volar.<\/p>\n<p style=\"text-align: justify;\">Todos estos espec\u00edmenes fueron entregados de forma voluntaria por la ciudadan\u00eda de la provincia de Loja.<\/p>\n<p style=\"text-align: justify;\">La Direcci\u00f3n Provincial del Ambiente de Loja, con el apoyo de j\u00f3venes del Servicio Civil Ciudadano realizan campa\u00f1as de concienciaci\u00f3n en las zonas de amortiguamientos del Parque Nacional Podocarpus en el cant\u00f3n Loja, Malacatos, Vilcabamba, Catamayo, con la finalidad de disminuir el tr\u00e1fico, tenencia y comercializaci\u00f3n de animales de vida silvestre. \u00c9sta pr\u00e1ctica est\u00e1 penada por la ley.<\/p>\n","protected":false},"excerpt":{"rendered":"<p class=\"excerpt\">Gracias al apoyo de la ciudadan\u00eda, se logr\u00f3 rescatar 8 espec\u00edmenes de vida silvestre en la provincia de Loja. El Ministerio del Ambiente de Ecuador (MAE), a trav\u00e9s de la Direcci\u00f3n Provincial del Ambiente de Loja, logr\u00f3 rescatar 8 espec\u00edmenes de vida silvestre, gracias al apoyo de la ciudadan\u00eda y un trabajo conjunto con la Unidad de Protecci\u00f3n del Medio&hellip; <a href=\"https:\/\/www.ambienteyenergia.gob.ec\/ambiente\/mae-rescata-varios-especimenes-de-vida-silvestre-en-loja-2\/\">Read more &rarr;<\/a><\/p>\n","protected":false},"author":13,"featured_media":22303,"comment_status":"open","ping_status":"open","sticky":false,"template":"","format":"standard","meta":{"footnotes":""},"categories":[16,4],"tags":[387,444],"class_list":["post-22302","post","type-post","status-publish","format-standard","has-post-thumbnail","hentry","category-comunicamos","category-noticias","tag-mae-lorena-tapia","tag-subsecretaria-de-patrimonio-natural","xfolkentry"],"_links":{"self":[{"href":"https:\/\/www.ambienteyenergia.gob.ec\/ambiente\/wp-json\/wp\/v2\/posts\/22302","targetHints":{"allow":["GET"]}}],"collection":[{"href":"https:\/\/www.ambienteyenergia.gob.ec\/ambiente\/wp-json\/wp\/v2\/posts"}],"about":[{"href":"https:\/\/www.ambienteyenergia.gob.ec\/ambiente\/wp-json\/wp\/v2\/types\/post"}],"author":[{"embeddable":true,"href":"https:\/\/www.ambienteyenergia.gob.ec\/ambiente\/wp-json\/wp\/v2\/users\/13"}],"replies":[{"embeddable":true,"href":"https:\/\/www.ambienteyenergia.gob.ec\/ambiente\/wp-json\/wp\/v2\/comments?post=22302"}],"version-history":[{"count":0,"href":"https:\/\/www.ambienteyenergia.gob.ec\/ambiente\/wp-json\/wp\/v2\/posts\/22302\/revisions"}],"wp:featuredmedia":[{"embeddable":true,"href":"https:\/\/www.ambienteyenergia.gob.ec\/ambiente\/wp-json\/wp\/v2\/media\/22303"}],"wp:attachment":[{"href":"https:\/\/www.ambienteyenergia.gob.ec\/ambiente\/wp-json\/wp\/v2\/media?parent=22302"}],"wp:term":[{"taxonomy":"category","embeddable":true,"href":"https:\/\/www.ambienteyenergia.gob.ec\/ambiente\/wp-json\/wp\/v2\/categories?post=22302"},{"taxonomy":"post_tag","embeddable":true,"href":"https:\/\/www.ambienteyenergia.gob.ec\/ambiente\/wp-json\/wp\/v2\/tags?post=22302"}],"curies":[{"name":"wp","href":"https:\/\/api.w.org\/{rel}","templated":true}]}}