{"id":22299,"date":"2014-09-05T11:54:36","date_gmt":"2014-09-05T16:54:36","guid":{"rendered":"http:\/\/www.ambiente.gob.ec\/?p=22299"},"modified":"2014-09-05T11:54:36","modified_gmt":"2014-09-05T16:54:36","slug":"se-inicia-evacuacion-de-neumaticos-usados-de-las-islas-galapagos","status":"publish","type":"post","link":"https:\/\/www.ambienteyenergia.gob.ec\/ambiente\/se-inicia-evacuacion-de-neumaticos-usados-de-las-islas-galapagos\/","title":{"rendered":"Se inicia evacuaci\u00f3n de neum\u00e1ticos usados de las Islas Gal\u00e1pagos"},"content":{"rendered":"<p style=\"text-align: justify;\"><em>Como resultado de un trabajo intersectorial entre el Ministerio del Ambiente (MAE) Ministerio de Salud P\u00fablica (MSP), \u00a0Armada del Ecuador y Municipios de la Regi\u00f3n Insular, se realiz\u00f3 el desembarque de 1354 neum\u00e1ticos usados provenientes de la Isla Santa Cruz, Provincia de Gal\u00e1pagos. Se prev\u00e9 el retiro de 400 NFU de Isabela y 1600 NFU de San Crist\u00f3bal.<\/em><\/p>\n<p style=\"text-align: justify;\">Durante el a\u00f1o 2013 en el Ecuador entre importaciones y producci\u00f3n nacional ingresaron al mercado m\u00e1s de 3 millones de neum\u00e1ticos, los cuales al final de su vida \u00fatil se acumulan y desechan, convirti\u00e9ndose en un problema ambiental y social, no solo por el espacio que ocupan en basureros municipales; sino\u00a0 tambi\u00e9n porque se tornan en\u00a0 un riesgo\u00a0 para la propagaci\u00f3n de enfermedades como el dengue.<\/p>\n<p style=\"text-align: justify;\">Para la promover una adecuada gesti\u00f3n a nivel nacional de los neum\u00e1ticos fuera de uso (NFU) el Ministerio del Ambiente, mediante el Acuerdo Ministerial N\u00b0 020, emiti\u00f3 el \u201cInstructivo para la Gesti\u00f3n Integral de\u00a0 Neum\u00e1ticos Usados\u201d. Dicho Acuerdo establece el principio de responsabilidad extendida bajo el cual los importadores\/productores deben recuperar y reciclar\/reencauchar el 20% de los neum\u00e1ticos puestos en el mercado.<\/p>\n<p style=\"text-align: justify;\">Adicionalmente, con la finalidad de retirar los NFU acumulados en rellenos sanitarios, escombreras y botaderos, desde el 2012 el Ministerio del Ambiente y el Ministerio de Salud P\u00fablica (MSP) han venido efectuando\u00a0 el \u201cPlan nacional de movilizaci\u00f3n de Neum\u00e1ticos Fuera de Uso (NFU)\u201d, \u00a0logrando el retiro\u00a0 en a\u00f1os anteriores de alrededor de 6 mil neum\u00e1ticos en el Archipi\u00e9lago de Gal\u00e1pagos y 60 mil a nivel nacional.<\/p>\n<p style=\"text-align: justify;\">Gracias a esta nueva pol\u00edtica del Gobierno Central, a partir del 2014 la empresa privada ha sido parte activa de esta movilizaci\u00f3n de NFU a nivel nacional aplicando el principio de responsabilidad extendida.<\/p>\n<p style=\"text-align: justify;\">Considerando la gran biodiversidad existente en las Islas Gal\u00e1pagos y la necesidad de preservar los ecosistemas y las especies \u00fanicas en el mundo, se ha contado con la cooperaci\u00f3n de la Direcci\u00f3n General de Intereses Mar\u00edtimos (DIGEIM) de la Armada del Ecuador y los Municipios de la Regi\u00f3n Insular para la movilizaci\u00f3n de los NFU acumulados en las Islas.<\/p>\n<p style=\"text-align: justify;\">En Gal\u00e1pagos, el trabajo en equipo se realiza de la siguiente manera:<\/p>\n<ol style=\"text-align: justify;\">\n<li>MSP realiza las fumigaciones a los NFU para evitar la proliferaci\u00f3n de plagas.<\/li>\n<li>DIGEIM proporciona el buque para traslado de los NFU\u00a0 desde Gal\u00e1pagos hasta continente y coordina toda la log\u00edstica que ello implica. Los Municipios tambi\u00e9n apoyan en la log\u00edstica de movilizaci\u00f3n en las islas.<\/li>\n<li>El MAE en Gal\u00e1pagos es apoyo log\u00edstico y en continente coordina la gesti\u00f3n de los NFU, contacta a los importadores de neum\u00e1ticos y da los lineamientos para que procedan con el retiro de los mismos y sean entregados a gestores ambientales (recicladores)<\/li>\n<\/ol>\n<p style=\"text-align: justify;\">Para finales del mes de septiembre ser\u00e1n trasladados alrededor de 2000 neum\u00e1ticos m\u00e1s provenientes de la Isla San Crist\u00f3bal e Isabela.<\/p>\n<p style=\"text-align: justify;\">\u201cLo que se busca con estas acciones es evitar la proliferaci\u00f3n de reservorios y criaderos de vectores, as\u00ed como evitar la contaminaci\u00f3n de este ecosistema sensible\u201d manifest\u00f3 Itamar Rodr\u00edguez, Coordinador zonal 5 de Salud.<\/p>\n<p style=\"text-align: justify;\">Los neum\u00e1ticos ser\u00e1n destinados a un proceso de reciclaje y de reconversi\u00f3n \u00a0donde se espera aprovechar sus componentes en la elaboraci\u00f3n de adoquines, pisos de caucho reciclado, entre otros.<\/p>\n<p style=\"text-align: justify;\">A esta labor se suman provincias como el Oro, Manab\u00ed, Esmeraldas, Loja y Tungurahua, logrando en un trabajo conjunto el retiro de m\u00e1s de 50 mil unidades de los botaderos.<\/p>\n","protected":false},"excerpt":{"rendered":"<p class=\"excerpt\">Como resultado de un trabajo intersectorial entre el Ministerio del Ambiente (MAE) Ministerio de Salud P\u00fablica (MSP), \u00a0Armada del Ecuador y Municipios de la Regi\u00f3n Insular, se realiz\u00f3 el desembarque de 1354 neum\u00e1ticos usados provenientes de la Isla Santa Cruz, Provincia de Gal\u00e1pagos. Se prev\u00e9 el retiro de 400 NFU de Isabela y 1600 NFU de San Crist\u00f3bal. Durante el&hellip; <a href=\"https:\/\/www.ambienteyenergia.gob.ec\/ambiente\/se-inicia-evacuacion-de-neumaticos-usados-de-las-islas-galapagos\/\">Read more &rarr;<\/a><\/p>\n","protected":false},"author":13,"featured_media":22300,"comment_status":"open","ping_status":"open","sticky":false,"template":"","format":"standard","meta":{"footnotes":""},"categories":[16,4],"tags":[92,387,549],"class_list":["post-22299","post","type-post","status-publish","format-standard","has-post-thumbnail","hentry","category-comunicamos","category-noticias","tag-desechos-solidos","tag-mae-lorena-tapia","tag-neumaticos","xfolkentry"],"_links":{"self":[{"href":"https:\/\/www.ambienteyenergia.gob.ec\/ambiente\/wp-json\/wp\/v2\/posts\/22299","targetHints":{"allow":["GET"]}}],"collection":[{"href":"https:\/\/www.ambienteyenergia.gob.ec\/ambiente\/wp-json\/wp\/v2\/posts"}],"about":[{"href":"https:\/\/www.ambienteyenergia.gob.ec\/ambiente\/wp-json\/wp\/v2\/types\/post"}],"author":[{"embeddable":true,"href":"https:\/\/www.ambienteyenergia.gob.ec\/ambiente\/wp-json\/wp\/v2\/users\/13"}],"replies":[{"embeddable":true,"href":"https:\/\/www.ambienteyenergia.gob.ec\/ambiente\/wp-json\/wp\/v2\/comments?post=22299"}],"version-history":[{"count":0,"href":"https:\/\/www.ambienteyenergia.gob.ec\/ambiente\/wp-json\/wp\/v2\/posts\/22299\/revisions"}],"wp:featuredmedia":[{"embeddable":true,"href":"https:\/\/www.ambienteyenergia.gob.ec\/ambiente\/wp-json\/wp\/v2\/media\/22300"}],"wp:attachment":[{"href":"https:\/\/www.ambienteyenergia.gob.ec\/ambiente\/wp-json\/wp\/v2\/media?parent=22299"}],"wp:term":[{"taxonomy":"category","embeddable":true,"href":"https:\/\/www.ambienteyenergia.gob.ec\/ambiente\/wp-json\/wp\/v2\/categories?post=22299"},{"taxonomy":"post_tag","embeddable":true,"href":"https:\/\/www.ambienteyenergia.gob.ec\/ambiente\/wp-json\/wp\/v2\/tags?post=22299"}],"curies":[{"name":"wp","href":"https:\/\/api.w.org\/{rel}","templated":true}]}}