{"id":22296,"date":"2014-09-05T10:36:58","date_gmt":"2014-09-05T15:36:58","guid":{"rendered":"http:\/\/www.ambiente.gob.ec\/?p=22296"},"modified":"2014-09-05T10:36:58","modified_gmt":"2014-09-05T15:36:58","slug":"mae-lidera-acciones-para-ejecucion-del-plan-de-manejo-del-area-nacional-de-recreacion-playas-de-villamil","status":"publish","type":"post","link":"https:\/\/www.ambienteyenergia.gob.ec\/ambiente\/mae-lidera-acciones-para-ejecucion-del-plan-de-manejo-del-area-nacional-de-recreacion-playas-de-villamil\/","title":{"rendered":"MAE lidera acciones para ejecuci\u00f3n del plan de manejo del \u00c1rea Nacional de Recreaci\u00f3n Playas de Villamil"},"content":{"rendered":"<p style=\"text-align: justify;\">Varias reuniones de trabajo interinstitucionales, realiza desde hoy el Ministerio del Ambiente (MAE), a trav\u00e9s de la Subsecretar\u00eda de Gesti\u00f3n Marina y Costera y la Direcci\u00f3n Provincial del Ambiente de Guayas, para afianzar acciones que permitan la ejecuci\u00f3n del plan de manejo del \u00c1rea Nacional de Recreaci\u00f3n Playas de Villamil, aprobado el 2 de agosto del presente a\u00f1o.<\/p>\n<p style=\"text-align: justify;\">El objetivo de estas mesas de trabajo es que cada una de las entidades involucradas en los programas a ejecutar del plan de manejo, se familiaricen conlas actividades a realizar para concretar acciones y sanciones, seg\u00fan la competencia de cada instituci\u00f3n, lo que permitir\u00e1 una correcta administraci\u00f3n del \u00e1rea protegida ubicada en el Cant\u00f3n Playas, de la provincia de Guayas.<\/p>\n<p style=\"text-align: justify;\">Entre las instituciones participantes, citadas por el MAE, constan la Secretar\u00eda Nacional de Gesti\u00f3n de Riesgos, Direcci\u00f3n de Espacios Acu\u00e1ticos (DIRNEA), Subsecretar\u00eda de Recursos Pesqueros, Gobierno Aut\u00f3nomo Descentralizado Municipal del Cant\u00f3n Playas, Comisi\u00f3n de Tr\u00e1nsito del Ecuador y la Polic\u00eda Nacional, entre otras.<\/p>\n<p style=\"text-align: justify;\">Eli\u00e9cer Cruz, Subsecretario de Gesti\u00f3n Marina y Costera, resalt\u00f3 la necesidad de que cada ente regulador reaccione dentro de sus competencias para alcanzar un \u00e9xito de protecci\u00f3n mancomunado, indispensable en este balneario afectado por la contaminaci\u00f3n. Para este fin, se conform\u00f3 el Comit\u00e9 de Gesti\u00f3n liderado por el MAE para llevar a cabo un manejo costero integrado en el \u00e1rea protegida.<\/p>\n<p style=\"text-align: justify;\">Asimismo, el titular de la Subsecretar\u00eda de Gesti\u00f3n Marina y Costera, expres\u00f3 la importancia de que autoridades y ciudadan\u00eda se involucren en las acciones proteccionistas de los 14 kil\u00f3metros del Nacional de Recreaci\u00f3n Playas de Villamil, en donde se produce la anidaci\u00f3n de tortugas marinas, una especie protegida por el Estado ecuatoriano.<\/p>\n<p style=\"text-align: justify;\">Durante el intercambio de conocimientos, el capit\u00e1n Ricardo Rend\u00f3n, funcionario de la DIRNEA, solicit\u00f3 que se difundan los l\u00edmites del \u00e1rea protegida en el espacio mar\u00edtimo, para que los pescadores artesanales conozcan donde no pueden pescar.<\/p>\n<p style=\"text-align: justify;\">La Alcaldesa de Playas, Miriam Lucas, se sum\u00f3 a la reuni\u00f3n y expres\u00f3 que trabajar\u00e1 arduamente por el cuidado de Playas Villamil, regulando las acciones que le competen como municipalidad, sin permitir rebeld\u00eda de ciertos sectores contrarios a la protecci\u00f3n ecol\u00f3gica de Playas.<\/p>\n<p style=\"text-align: justify;\">Entre las instituciones participantes se establecieron tareas que deber\u00e1n ser cumplidas para la pr\u00f3xima reuni\u00f3n de trabajo que se efectuar\u00e1 el 18 de septiembre, en el Sal\u00f3n de la Ciudad de Playas.<\/p>\n<p style=\"text-align: justify;\"><strong>Recorrido<\/strong><\/p>\n<p style=\"text-align: justify;\">Posterior a la reuni\u00f3n, el Subsecretario de Gesti\u00f3n Marina y Costera realiz\u00f3 un recorrido por Playas de Villamil para conocer su situaci\u00f3n actual, as\u00ed como analizar la ubicaci\u00f3n de las oficinas administrativas del \u00e1rea protegida.<\/p>\n","protected":false},"excerpt":{"rendered":"<p class=\"excerpt\">Varias reuniones de trabajo interinstitucionales, realiza desde hoy el Ministerio del Ambiente (MAE), a trav\u00e9s de la Subsecretar\u00eda de Gesti\u00f3n Marina y Costera y la Direcci\u00f3n Provincial del Ambiente de Guayas, para afianzar acciones que permitan la ejecuci\u00f3n del plan de manejo del \u00c1rea Nacional de Recreaci\u00f3n Playas de Villamil, aprobado el 2 de agosto del presente a\u00f1o. El objetivo&hellip; <a href=\"https:\/\/www.ambienteyenergia.gob.ec\/ambiente\/mae-lidera-acciones-para-ejecucion-del-plan-de-manejo-del-area-nacional-de-recreacion-playas-de-villamil\/\">Read more &rarr;<\/a><\/p>\n","protected":false},"author":13,"featured_media":22297,"comment_status":"open","ping_status":"open","sticky":false,"template":"","format":"standard","meta":{"footnotes":""},"categories":[16,4],"tags":[],"class_list":["post-22296","post","type-post","status-publish","format-standard","has-post-thumbnail","hentry","category-comunicamos","category-noticias","xfolkentry"],"_links":{"self":[{"href":"https:\/\/www.ambienteyenergia.gob.ec\/ambiente\/wp-json\/wp\/v2\/posts\/22296","targetHints":{"allow":["GET"]}}],"collection":[{"href":"https:\/\/www.ambienteyenergia.gob.ec\/ambiente\/wp-json\/wp\/v2\/posts"}],"about":[{"href":"https:\/\/www.ambienteyenergia.gob.ec\/ambiente\/wp-json\/wp\/v2\/types\/post"}],"author":[{"embeddable":true,"href":"https:\/\/www.ambienteyenergia.gob.ec\/ambiente\/wp-json\/wp\/v2\/users\/13"}],"replies":[{"embeddable":true,"href":"https:\/\/www.ambienteyenergia.gob.ec\/ambiente\/wp-json\/wp\/v2\/comments?post=22296"}],"version-history":[{"count":0,"href":"https:\/\/www.ambienteyenergia.gob.ec\/ambiente\/wp-json\/wp\/v2\/posts\/22296\/revisions"}],"wp:featuredmedia":[{"embeddable":true,"href":"https:\/\/www.ambienteyenergia.gob.ec\/ambiente\/wp-json\/wp\/v2\/media\/22297"}],"wp:attachment":[{"href":"https:\/\/www.ambienteyenergia.gob.ec\/ambiente\/wp-json\/wp\/v2\/media?parent=22296"}],"wp:term":[{"taxonomy":"category","embeddable":true,"href":"https:\/\/www.ambienteyenergia.gob.ec\/ambiente\/wp-json\/wp\/v2\/categories?post=22296"},{"taxonomy":"post_tag","embeddable":true,"href":"https:\/\/www.ambienteyenergia.gob.ec\/ambiente\/wp-json\/wp\/v2\/tags?post=22296"}],"curies":[{"name":"wp","href":"https:\/\/api.w.org\/{rel}","templated":true}]}}