{"id":22284,"date":"2014-09-04T13:34:53","date_gmt":"2014-09-04T18:34:53","guid":{"rendered":"http:\/\/www.ambiente.gob.ec\/?p=22284"},"modified":"2014-09-04T13:35:50","modified_gmt":"2014-09-04T18:35:50","slug":"ministra-tapia-acompano-al-presidente-correa-en-la-inauguracion-de-la-zona-de-lagunas-y-la-gran-via-de-samanes","status":"publish","type":"post","link":"https:\/\/www.ambienteyenergia.gob.ec\/ambiente\/ministra-tapia-acompano-al-presidente-correa-en-la-inauguracion-de-la-zona-de-lagunas-y-la-gran-via-de-samanes\/","title":{"rendered":"Ministra Tapia acompa\u00f1\u00f3 al Presidente Correa en la inauguraci\u00f3n de la Zona de Lagunas y la Gran V\u00eda de Samanes"},"content":{"rendered":"<p>Hoy, la Ministra del Ambiente, Lorena Tapia, recorri\u00f3 junto con el Presidente de la Rep\u00fablica Rafael Correa, y otras autoridades de Estado, la Zona de Lagunas y la Gran V\u00eda del Parque Samanes de la ciudad de Guayaquil, en el marco de la apertura de estas obras emblem\u00e1ticas.<\/p>\n<p style=\"text-align: justify;\">Durante el trayecto, el Primer Mandatario y las dem\u00e1s autoridades conocieron los trabajos que se realizaron en la Zona de Lagunas, misma que incluye \u00e1reas verdes, juegos infantiles, y tres lagos. En el de mayor longitud, la ciudadan\u00eda puede disfrutar del servicio de botes a pedal; mientras que los dos m\u00e1s peque\u00f1os est\u00e1n llenos de peces y rodeados de bancos para el descanso de los visitantes.<\/p>\n<p style=\"text-align: justify;\">Adem\u00e1s se recorri\u00f3 las dos canchas aleda\u00f1as al Estadio Christian Ben\u00edtez, inaugurado el pasado mes de febrero, el \u00e1rea de la Gran V\u00eda, donde en un total de 9 617,15 m2, se construy\u00f3 la infraestructura para el funcionamiento de varias entidades p\u00fablicas como los Ministerios de Ambiente, Deporte, Cultura, y Mintel, entre otras.<\/p>\n<p style=\"text-align: justify;\">El Presidente Correa recalc\u00f3 que el Parque Samanes fue construido por el Gobierno de la Revoluci\u00f3n Ciudadana con la finalidad de beneficiar a los guayaquile\u00f1os con espacios verdes, para disfrutar en familia, la realizaci\u00f3n de eventos p\u00fablicos, y sobre todo para entregar un nuevo pulm\u00f3n para la ciudad.<\/p>\n<p style=\"text-align: justify;\">Para la Titular de la Cartera de Ambiente, esta obra emblem\u00e1tica contribuye a los objetivos de conservaci\u00f3n de un ambiente sano y ecol\u00f3gicamente equilibrado del Ministerio del Ambiente, y se suma a todas las acciones que se llevan a cabo con la finalidad de entregar m\u00e1s \u00e1reas verdes al Puerto Principal.<\/p>\n","protected":false},"excerpt":{"rendered":"<p class=\"excerpt\">Hoy, la Ministra del Ambiente, Lorena Tapia, recorri\u00f3 junto con el Presidente de la Rep\u00fablica Rafael Correa, y otras autoridades de Estado, la Zona de Lagunas y la Gran V\u00eda del Parque Samanes de la ciudad de Guayaquil, en el marco de la apertura de estas obras emblem\u00e1ticas. Durante el trayecto, el Primer Mandatario y las dem\u00e1s autoridades conocieron los&hellip; <a href=\"https:\/\/www.ambienteyenergia.gob.ec\/ambiente\/ministra-tapia-acompano-al-presidente-correa-en-la-inauguracion-de-la-zona-de-lagunas-y-la-gran-via-de-samanes\/\">Read more &rarr;<\/a><\/p>\n","protected":false},"author":13,"featured_media":22285,"comment_status":"open","ping_status":"open","sticky":false,"template":"","format":"standard","meta":{"footnotes":""},"categories":[16,4,10],"tags":[],"class_list":["post-22284","post","type-post","status-publish","format-standard","has-post-thumbnail","hentry","category-comunicamos","category-noticias","category-noticias-destacadas","xfolkentry"],"_links":{"self":[{"href":"https:\/\/www.ambienteyenergia.gob.ec\/ambiente\/wp-json\/wp\/v2\/posts\/22284","targetHints":{"allow":["GET"]}}],"collection":[{"href":"https:\/\/www.ambienteyenergia.gob.ec\/ambiente\/wp-json\/wp\/v2\/posts"}],"about":[{"href":"https:\/\/www.ambienteyenergia.gob.ec\/ambiente\/wp-json\/wp\/v2\/types\/post"}],"author":[{"embeddable":true,"href":"https:\/\/www.ambienteyenergia.gob.ec\/ambiente\/wp-json\/wp\/v2\/users\/13"}],"replies":[{"embeddable":true,"href":"https:\/\/www.ambienteyenergia.gob.ec\/ambiente\/wp-json\/wp\/v2\/comments?post=22284"}],"version-history":[{"count":0,"href":"https:\/\/www.ambienteyenergia.gob.ec\/ambiente\/wp-json\/wp\/v2\/posts\/22284\/revisions"}],"wp:featuredmedia":[{"embeddable":true,"href":"https:\/\/www.ambienteyenergia.gob.ec\/ambiente\/wp-json\/wp\/v2\/media\/22285"}],"wp:attachment":[{"href":"https:\/\/www.ambienteyenergia.gob.ec\/ambiente\/wp-json\/wp\/v2\/media?parent=22284"}],"wp:term":[{"taxonomy":"category","embeddable":true,"href":"https:\/\/www.ambienteyenergia.gob.ec\/ambiente\/wp-json\/wp\/v2\/categories?post=22284"},{"taxonomy":"post_tag","embeddable":true,"href":"https:\/\/www.ambienteyenergia.gob.ec\/ambiente\/wp-json\/wp\/v2\/tags?post=22284"}],"curies":[{"name":"wp","href":"https:\/\/api.w.org\/{rel}","templated":true}]}}