{"id":22278,"date":"2014-09-04T10:40:01","date_gmt":"2014-09-04T15:40:01","guid":{"rendered":"http:\/\/www.ambiente.gob.ec\/?p=22278"},"modified":"2014-09-04T10:40:01","modified_gmt":"2014-09-04T15:40:01","slug":"mae-controla-incendio-en-la-zona-de-amortiguamiento-del-parque-nacional-cotopaxi","status":"publish","type":"post","link":"https:\/\/www.ambienteyenergia.gob.ec\/ambiente\/mae-controla-incendio-en-la-zona-de-amortiguamiento-del-parque-nacional-cotopaxi\/","title":{"rendered":"MAE controla incendio en la zona de amortiguamiento del Parque Nacional Cotopaxi"},"content":{"rendered":"<p style=\"text-align: justify;\">Durante el pasado fin de semana se produjo un incendio forestal en la zona de amortiguamiento del Parque Nacional Cotopaxi, en el sector Hacienda Ba\u00f1os, de la parroquia Mulal\u00f3, cant\u00f3n Latacunga, en el que se vieron afectadas aproximadamente 20 hect\u00e1reas de pajonal.<\/p>\n<p style=\"text-align: justify;\">\nFuncionarios de la Direcci\u00f3n Provincial del Ambiente de Cotopaxi, a trav\u00e9s del Parque Nacional Cotopaxi, en un trabajo conjunto con el Cuerpo de Bomberos de Latacunga, Saquisil\u00ed y Lasso; la Brigada Patria de Latacunga de las Fuerzas Armadas; empleados de varias empresas privadas y pobladores del sector lograron controlar completamente el flagelo por medio de la utilizaci\u00f3n de herramientas de mano y\u00a0 motobombas.<\/p>\n<p style=\"text-align: justify;\">\nLos incendios forestales son una grave amenaza para la conservaci\u00f3n de la vida en la zona. La biodiversidad se encuentra amenazada y su existencia va de la mano con la existencia del ser humano.<\/p>\n<p style=\"text-align: justify;\">\nLos esfuerzos por el control y extinci\u00f3n de incendios forestales\u00a0\u00a0 deben ir acompa\u00f1ados de la colaboraci\u00f3n de la poblaci\u00f3n, tanto de la zona urbana como rural, para prevenirlos.<br \/>\nAl desconocer los efectos de este tipo de flagelos,\u00a0\u00a0 a corto, mediano y largo plazo, muchas personas minimizan su importancia. Por lo que no debemos olvidar nuestro rol, como parte de una sociedad consciente, que busca el desarrollo y el bienestar presente y futuro, que solamente, se puede lograr en armon\u00eda con la naturaleza.<\/p>\n<p style=\"text-align: justify;\">\nEl Ministerio del Ambiente de Ecuador (MAE) ha desarrollado alianzas estrat\u00e9gicas que permiten llevar a cabo acciones inmediatas para evitar y controlar incendios en \u00e1reas protegidas y zonas de amortiguamiento, por medio de la activaci\u00f3n de un Comit\u00e9 de Operaciones de Emergencia (COE), lo que garantiza una soluci\u00f3n inmediata y adecuada en caso de un evento adverso.<\/p>\n<p style=\"text-align: justify;\">\nPrevenir los incendios es tarea de todos, juntos podremos evitar el deterioro y afectaci\u00f3n de nuestro patrimonio natural.<\/p>\n","protected":false},"excerpt":{"rendered":"<p class=\"excerpt\">Durante el pasado fin de semana se produjo un incendio forestal en la zona de amortiguamiento del Parque Nacional Cotopaxi, en el sector Hacienda Ba\u00f1os, de la parroquia Mulal\u00f3, cant\u00f3n Latacunga, en el que se vieron afectadas aproximadamente 20 hect\u00e1reas de pajonal. Funcionarios de la Direcci\u00f3n Provincial del Ambiente de Cotopaxi, a trav\u00e9s del Parque Nacional Cotopaxi, en un trabajo&hellip; <a href=\"https:\/\/www.ambienteyenergia.gob.ec\/ambiente\/mae-controla-incendio-en-la-zona-de-amortiguamiento-del-parque-nacional-cotopaxi\/\">Read more &rarr;<\/a><\/p>\n","protected":false},"author":13,"featured_media":22279,"comment_status":"open","ping_status":"open","sticky":false,"template":"","format":"standard","meta":{"footnotes":""},"categories":[16,4],"tags":[],"class_list":["post-22278","post","type-post","status-publish","format-standard","has-post-thumbnail","hentry","category-comunicamos","category-noticias","xfolkentry"],"_links":{"self":[{"href":"https:\/\/www.ambienteyenergia.gob.ec\/ambiente\/wp-json\/wp\/v2\/posts\/22278","targetHints":{"allow":["GET"]}}],"collection":[{"href":"https:\/\/www.ambienteyenergia.gob.ec\/ambiente\/wp-json\/wp\/v2\/posts"}],"about":[{"href":"https:\/\/www.ambienteyenergia.gob.ec\/ambiente\/wp-json\/wp\/v2\/types\/post"}],"author":[{"embeddable":true,"href":"https:\/\/www.ambienteyenergia.gob.ec\/ambiente\/wp-json\/wp\/v2\/users\/13"}],"replies":[{"embeddable":true,"href":"https:\/\/www.ambienteyenergia.gob.ec\/ambiente\/wp-json\/wp\/v2\/comments?post=22278"}],"version-history":[{"count":0,"href":"https:\/\/www.ambienteyenergia.gob.ec\/ambiente\/wp-json\/wp\/v2\/posts\/22278\/revisions"}],"wp:featuredmedia":[{"embeddable":true,"href":"https:\/\/www.ambienteyenergia.gob.ec\/ambiente\/wp-json\/wp\/v2\/media\/22279"}],"wp:attachment":[{"href":"https:\/\/www.ambienteyenergia.gob.ec\/ambiente\/wp-json\/wp\/v2\/media?parent=22278"}],"wp:term":[{"taxonomy":"category","embeddable":true,"href":"https:\/\/www.ambienteyenergia.gob.ec\/ambiente\/wp-json\/wp\/v2\/categories?post=22278"},{"taxonomy":"post_tag","embeddable":true,"href":"https:\/\/www.ambienteyenergia.gob.ec\/ambiente\/wp-json\/wp\/v2\/tags?post=22278"}],"curies":[{"name":"wp","href":"https:\/\/api.w.org\/{rel}","templated":true}]}}