{"id":22273,"date":"2014-09-04T09:48:30","date_gmt":"2014-09-04T14:48:30","guid":{"rendered":"http:\/\/www.ambiente.gob.ec\/?p=22273"},"modified":"2014-09-04T16:37:09","modified_gmt":"2014-09-04T21:37:09","slug":"solitario-george-sera-presentado-en-nueva-york","status":"publish","type":"post","link":"https:\/\/www.ambienteyenergia.gob.ec\/ambiente\/solitario-george-sera-presentado-en-nueva-york\/","title":{"rendered":"Solitario George ser\u00e1 presentado en Nueva York"},"content":{"rendered":"<p style=\"text-align: justify;\"><em>Desde el pr\u00f3ximo 18 de septiembre la tortuga embalsamada estar\u00e1 en exhibici\u00f3n.\u00a0<\/em><\/p>\n<p style=\"text-align: justify;\">Luego de un proceso de taxidermia (arte de disecar)\u00a0que dur\u00f3 m\u00e1s de un a\u00f1o, el \u00a0cuerpo embalsamado del Solitario George, la emblem\u00e1tica tortuga gigante de las islas Gal\u00e1pagos, ser\u00e1 presentada al p\u00fablico en el Museo Americano de Historia Natural de Nueva York, el pr\u00f3ximo 18 de septiembre, a las 18:30.<\/p>\n<p style=\"text-align: justify;\">Gracias a un convenio firmado con el mencionado museo, que se encarg\u00f3 del trabajo de embalsamiento del esp\u00e9cimen, el cuerpo del Solitario George podr\u00e1 ser apreciado por cerca de mil personas diarias que visitan este sitio, hasta finales de este a\u00f1o, cuando empezar\u00e1 el proceso de retorno a nuestro pa\u00eds.<\/p>\n<p style=\"text-align: justify;\">Para la exhibici\u00f3n en Nueva York, el Museo Americano de Historia Natural ha acondicionado un \u00e1rea especial que cuenta con todos los est\u00e1ndares ambientales y f\u00edsicos necesarios para la preservaci\u00f3n del gal\u00e1pago.<\/p>\n<p style=\"text-align: justify;\">Los taxidermistas que trabajaron con el cuerpo del Solitario, decidieron colocarlo \u00a0en una postura que muestre la altura de George, con sus extremidades y cuello extendidos, por lo que los visitantes podr\u00e1n observar a la tortuga en toda su estatura, posici\u00f3n que tomaba cuando \u201cconversaba\u201d con su cuidador, el guardaparque Fausto Llerena.<\/p>\n<p style=\"text-align: justify;\">A su regreso al Ecuador, el Solitario George, considerado un bien patrimonial nacional y que representa los esfuerzos de conservaci\u00f3n que invierte el Estado ecuatoriano para la supervivencia de las especies de flora y fauna del pa\u00eds, estar\u00e1 en exhibici\u00f3n en un lugar con alta afluencia de visitantes y que\u00a0cumpla con todas las medidas de seguridad y facilidades para brindarle el cuidado que se requiere para su conservaci\u00f3n.<\/p>\n<p style=\"text-align: justify;\">Mientras tanto, en Gal\u00e1pagos se exhibir\u00e1 una r\u00e9plica construida\u00a0en bronce en el centro de crianza de tortugas gigantes \u201cFausto Llerena\u201d de la Direcci\u00f3n del Parque Nacional Gal\u00e1pagos en Santa Cruz, lugar en el que vivi\u00f3 sus \u00faltimos 40 a\u00f1os. Para ello,\u00a0se construir\u00e1 una sala de interpretaci\u00f3n adecuada.<\/p>\n<p style=\"text-align: justify;\">El proceso de taxidermia que se\u00a0realiz\u00f3 al Solitario George, con los cuidados adecuados y retoques anuales, permitir\u00e1 mantener su cuerpo en exhibici\u00f3n por miles de a\u00f1os. Esto ha sido posible gracias al apoyo de organizaciones aliadas como el Museo Americano de Historia Natural de Nueva York, Gal\u00e1pagos Conservancy, pero sobre todo al Estado ecuatoriano y sus empe\u00f1os por preservar a esta tortuga que es parte fundamental de la historia.<\/p>\n","protected":false},"excerpt":{"rendered":"<p class=\"excerpt\">Desde el pr\u00f3ximo 18 de septiembre la tortuga embalsamada estar\u00e1 en exhibici\u00f3n.\u00a0 Luego de un proceso de taxidermia (arte de disecar)\u00a0que dur\u00f3 m\u00e1s de un a\u00f1o, el \u00a0cuerpo embalsamado del Solitario George, la emblem\u00e1tica tortuga gigante de las islas Gal\u00e1pagos, ser\u00e1 presentada al p\u00fablico en el Museo Americano de Historia Natural de Nueva York, el pr\u00f3ximo 18 de septiembre, a&hellip; <a href=\"https:\/\/www.ambienteyenergia.gob.ec\/ambiente\/solitario-george-sera-presentado-en-nueva-york\/\">Read more &rarr;<\/a><\/p>\n","protected":false},"author":13,"featured_media":22274,"comment_status":"open","ping_status":"open","sticky":false,"template":"","format":"standard","meta":{"footnotes":""},"categories":[16,4,10],"tags":[],"class_list":["post-22273","post","type-post","status-publish","format-standard","has-post-thumbnail","hentry","category-comunicamos","category-noticias","category-noticias-destacadas","xfolkentry"],"_links":{"self":[{"href":"https:\/\/www.ambienteyenergia.gob.ec\/ambiente\/wp-json\/wp\/v2\/posts\/22273","targetHints":{"allow":["GET"]}}],"collection":[{"href":"https:\/\/www.ambienteyenergia.gob.ec\/ambiente\/wp-json\/wp\/v2\/posts"}],"about":[{"href":"https:\/\/www.ambienteyenergia.gob.ec\/ambiente\/wp-json\/wp\/v2\/types\/post"}],"author":[{"embeddable":true,"href":"https:\/\/www.ambienteyenergia.gob.ec\/ambiente\/wp-json\/wp\/v2\/users\/13"}],"replies":[{"embeddable":true,"href":"https:\/\/www.ambienteyenergia.gob.ec\/ambiente\/wp-json\/wp\/v2\/comments?post=22273"}],"version-history":[{"count":0,"href":"https:\/\/www.ambienteyenergia.gob.ec\/ambiente\/wp-json\/wp\/v2\/posts\/22273\/revisions"}],"wp:featuredmedia":[{"embeddable":true,"href":"https:\/\/www.ambienteyenergia.gob.ec\/ambiente\/wp-json\/wp\/v2\/media\/22274"}],"wp:attachment":[{"href":"https:\/\/www.ambienteyenergia.gob.ec\/ambiente\/wp-json\/wp\/v2\/media?parent=22273"}],"wp:term":[{"taxonomy":"category","embeddable":true,"href":"https:\/\/www.ambienteyenergia.gob.ec\/ambiente\/wp-json\/wp\/v2\/categories?post=22273"},{"taxonomy":"post_tag","embeddable":true,"href":"https:\/\/www.ambienteyenergia.gob.ec\/ambiente\/wp-json\/wp\/v2\/tags?post=22273"}],"curies":[{"name":"wp","href":"https:\/\/api.w.org\/{rel}","templated":true}]}}