{"id":22270,"date":"2014-09-03T17:53:08","date_gmt":"2014-09-03T22:53:08","guid":{"rendered":"http:\/\/www.ambiente.gob.ec\/?p=22270"},"modified":"2014-09-03T17:53:08","modified_gmt":"2014-09-03T22:53:08","slug":"inicia-proceso-de-construccion-de-sistema-de-inventarios-nacionales-de-gases-de-efecto-invernadero-en-el-ecuador","status":"publish","type":"post","link":"https:\/\/www.ambienteyenergia.gob.ec\/ambiente\/inicia-proceso-de-construccion-de-sistema-de-inventarios-nacionales-de-gases-de-efecto-invernadero-en-el-ecuador\/","title":{"rendered":"Inicia proceso de construcci\u00f3n de Sistema de Inventarios Nacionales de Gases de Efecto Invernadero en el Ecuador"},"content":{"rendered":"<p>El Ministerio del Ambiente (MAE), a trav\u00e9s de la Subsecretar\u00eda de Cambio Clim\u00e1tico, inici\u00f3 hoy el \u201cI Taller para el desarrollo del Sistema de Inventarios Nacionales de Gases de Efecto Invernadero (SINGEI) en el Ecuador\u201d, que tiene como objetivo fortalecer las capacidades para construir una metodolog\u00eda sostenible de generaci\u00f3n de reporte de emisiones de GEI a nivel nacional. El encuentro interinstitucional, que se desarrolla en el Hotel Dann Carlton de la ciudad de Quito, continuar\u00e1 hasta el mi\u00e9rcoles 10 de septiembre.<\/p>\n<p style=\"text-align: justify;\">La informaci\u00f3n generada a trav\u00e9s de este proceso es de gran importancia, pues ser\u00e1 un punto de partida para la toma de decisiones en mitigaci\u00f3n, direccionadas a los sectores que reporten mayores emisiones. Adicionalmente, este sistema permitir\u00e1 cumplir con las obligaciones de reporte del Ecuador ante la Convenci\u00f3n Marco de Naciones Unidas sobre el Cambio Clim\u00e1tico (CMNUCC) de manera peri\u00f3dica.<\/p>\n<p style=\"text-align: justify;\">En la jornada de hoy, se cont\u00f3 con la presencia de representantes de organismos internacionales, autoridades y delegados de los ministerios pertenecientes a los sectores del Inventario de Gases de Efecto Invernadero como: Energ\u00eda; Procesos Industriales; Desechos; Agricultura; Usos del Suelo y Cambio de Usos del Suelo y Silvicultura (USCUSS).<\/p>\n<p style=\"text-align: justify;\">Gabriel Jaramillo, representante del Programa de Naciones Unidas para el Desarrollo (PNUD), dio la bienvenida y recalc\u00f3 la importancia de llevar a cabo un proceso participativo con los diversos sectores e instituciones involucradas en la construcci\u00f3n del Inventario Nacional de Gases de Efecto Invernadero.<\/p>\n<p style=\"text-align: justify;\">Adicionalmente, el Subsecretario de Cambio Clim\u00e1tico, Andr\u00e9s Hubenthal, explic\u00f3 el contexto de emisiones a nivel nacional e internacional, as\u00ed como, las evidencias de cambio clim\u00e1tico, los impactos conocidos en la actualidad y las iniciativas que impulsa el Ministerio del Ambiente en mitigaci\u00f3n y adaptaci\u00f3n.<\/p>\n<p style=\"text-align: justify;\">Esta iniciativa es organizada por la Subsecretar\u00eda de Cambio Clim\u00e1tico del Ministerio del Ambiente, a trav\u00e9s de sus proyectos\u00a0 Fomento de Capacidades para la Mitigaci\u00f3n del Cambio Clim\u00e1tico y Tercera Comunicaci\u00f3n Nacional sobre Cambio Clim\u00e1tico y Primer Informe de Actualizaci\u00f3n Bienal, implementados con el apoyo del Programa de las Naciones Unidas para el Desarrollo y con aportes de cooperantes como el GEF.<\/p>\n<p style=\"text-align: justify;\">La expectativa de este taller es apoyar en la institucionalizaci\u00f3n del proceso de preparaci\u00f3n de los inventarios, los que representan una parte medular para la toma de decisiones en la gesti\u00f3n del Cambio Clim\u00e1tico en el pa\u00eds.<\/p>\n","protected":false},"excerpt":{"rendered":"<p class=\"excerpt\">El Ministerio del Ambiente (MAE), a trav\u00e9s de la Subsecretar\u00eda de Cambio Clim\u00e1tico, inici\u00f3 hoy el \u201cI Taller para el desarrollo del Sistema de Inventarios Nacionales de Gases de Efecto Invernadero (SINGEI) en el Ecuador\u201d, que tiene como objetivo fortalecer las capacidades para construir una metodolog\u00eda sostenible de generaci\u00f3n de reporte de emisiones de GEI a nivel nacional. El encuentro&hellip; <a href=\"https:\/\/www.ambienteyenergia.gob.ec\/ambiente\/inicia-proceso-de-construccion-de-sistema-de-inventarios-nacionales-de-gases-de-efecto-invernadero-en-el-ecuador\/\">Read more &rarr;<\/a><\/p>\n","protected":false},"author":13,"featured_media":22271,"comment_status":"open","ping_status":"open","sticky":false,"template":"","format":"standard","meta":{"footnotes":""},"categories":[16,4],"tags":[],"class_list":["post-22270","post","type-post","status-publish","format-standard","has-post-thumbnail","hentry","category-comunicamos","category-noticias","xfolkentry"],"_links":{"self":[{"href":"https:\/\/www.ambienteyenergia.gob.ec\/ambiente\/wp-json\/wp\/v2\/posts\/22270","targetHints":{"allow":["GET"]}}],"collection":[{"href":"https:\/\/www.ambienteyenergia.gob.ec\/ambiente\/wp-json\/wp\/v2\/posts"}],"about":[{"href":"https:\/\/www.ambienteyenergia.gob.ec\/ambiente\/wp-json\/wp\/v2\/types\/post"}],"author":[{"embeddable":true,"href":"https:\/\/www.ambienteyenergia.gob.ec\/ambiente\/wp-json\/wp\/v2\/users\/13"}],"replies":[{"embeddable":true,"href":"https:\/\/www.ambienteyenergia.gob.ec\/ambiente\/wp-json\/wp\/v2\/comments?post=22270"}],"version-history":[{"count":0,"href":"https:\/\/www.ambienteyenergia.gob.ec\/ambiente\/wp-json\/wp\/v2\/posts\/22270\/revisions"}],"wp:featuredmedia":[{"embeddable":true,"href":"https:\/\/www.ambienteyenergia.gob.ec\/ambiente\/wp-json\/wp\/v2\/media\/22271"}],"wp:attachment":[{"href":"https:\/\/www.ambienteyenergia.gob.ec\/ambiente\/wp-json\/wp\/v2\/media?parent=22270"}],"wp:term":[{"taxonomy":"category","embeddable":true,"href":"https:\/\/www.ambienteyenergia.gob.ec\/ambiente\/wp-json\/wp\/v2\/categories?post=22270"},{"taxonomy":"post_tag","embeddable":true,"href":"https:\/\/www.ambienteyenergia.gob.ec\/ambiente\/wp-json\/wp\/v2\/tags?post=22270"}],"curies":[{"name":"wp","href":"https:\/\/api.w.org\/{rel}","templated":true}]}}