{"id":22262,"date":"2014-09-03T13:56:28","date_gmt":"2014-09-03T18:56:28","guid":{"rendered":"http:\/\/www.ambiente.gob.ec\/?p=22262"},"modified":"2014-09-03T13:56:28","modified_gmt":"2014-09-03T18:56:28","slug":"la-reserva-ecologica-cotacachi-cayapas-conmemoro-46-anos-de-creacion","status":"publish","type":"post","link":"https:\/\/www.ambienteyenergia.gob.ec\/ambiente\/la-reserva-ecologica-cotacachi-cayapas-conmemoro-46-anos-de-creacion\/","title":{"rendered":"La Reserva Ecol\u00f3gica Cotacachi Cayapas conmemor\u00f3 46 a\u00f1os de creaci\u00f3n"},"content":{"rendered":"<p>La Reserva Ecol\u00f3gica Cotacachi Cayapas, cumpli\u00f3 este 29 de agosto de 2014, 46 a\u00f1os de su creaci\u00f3n, por lo cual, el Ministerio del Ambiente, a trav\u00e9s de la Direcci\u00f3n Provincial de Imbabura realiz\u00f3 una serie de actividades de educaci\u00f3n ambiental con el fin de dar a conocer a la ciudadan\u00eda m\u00e1s sobre este importante ecosistema.<\/p>\n<p style=\"text-align: justify;\">\n<p style=\"text-align: justify;\">Entre los eventos planificados, estuvo el taller de monitoreo de fauna en \u00e1reas protegidas, donde se explic\u00f3 m\u00e1s sobre las especies que alberga el \u00e1rea protegida.<\/p>\n<p style=\"text-align: justify;\">\n<p style=\"text-align: justify;\">Para finalizar, se realiz\u00f3 una Sesi\u00f3n Solemne en el Distrito Cuicocha, en la participaron alrededor de 250 invitados, entre ellos, pobladores de las comunidades cercanas a la reserva y autoridades parroquiales y provinciales.<\/p>\n<p style=\"text-align: justify;\">\n<p style=\"text-align: justify;\">En su intervenci\u00f3n, Segundo Fuentes, Director Provincial del Ambiente de Imbabura, explic\u00f3 la importancia y la historia de la Reserva Ecol\u00f3gica Cotacachi Cayapas. Adem\u00e1s resalt\u00f3 el esfuerzo diario que realizan las personas que laboran d\u00eda a d\u00eda en este espacio natural, promoviendo su protecci\u00f3n y cuidado.<\/p>\n<p style=\"text-align: justify;\">\n<p style=\"text-align: justify;\"><strong>El dato<\/strong><\/p>\n<p style=\"text-align: justify;\">La Reserva Ecol\u00f3gica Cotacachi Cayapas es la segunda \u00e1rea protegida m\u00e1s visitada del Ecuador continental. Solo en el 2013, se registraron alrededor de 170 mil personas.<\/p>\n","protected":false},"excerpt":{"rendered":"<p class=\"excerpt\">La Reserva Ecol\u00f3gica Cotacachi Cayapas, cumpli\u00f3 este 29 de agosto de 2014, 46 a\u00f1os de su creaci\u00f3n, por lo cual, el Ministerio del Ambiente, a trav\u00e9s de la Direcci\u00f3n Provincial de Imbabura realiz\u00f3 una serie de actividades de educaci\u00f3n ambiental con el fin de dar a conocer a la ciudadan\u00eda m\u00e1s sobre este importante ecosistema. Entre los eventos planificados, estuvo&hellip; <a href=\"https:\/\/www.ambienteyenergia.gob.ec\/ambiente\/la-reserva-ecologica-cotacachi-cayapas-conmemoro-46-anos-de-creacion\/\">Read more &rarr;<\/a><\/p>\n","protected":false},"author":13,"featured_media":22264,"comment_status":"open","ping_status":"open","sticky":false,"template":"","format":"standard","meta":{"footnotes":""},"categories":[16,4],"tags":[],"class_list":["post-22262","post","type-post","status-publish","format-standard","has-post-thumbnail","hentry","category-comunicamos","category-noticias","xfolkentry"],"_links":{"self":[{"href":"https:\/\/www.ambienteyenergia.gob.ec\/ambiente\/wp-json\/wp\/v2\/posts\/22262","targetHints":{"allow":["GET"]}}],"collection":[{"href":"https:\/\/www.ambienteyenergia.gob.ec\/ambiente\/wp-json\/wp\/v2\/posts"}],"about":[{"href":"https:\/\/www.ambienteyenergia.gob.ec\/ambiente\/wp-json\/wp\/v2\/types\/post"}],"author":[{"embeddable":true,"href":"https:\/\/www.ambienteyenergia.gob.ec\/ambiente\/wp-json\/wp\/v2\/users\/13"}],"replies":[{"embeddable":true,"href":"https:\/\/www.ambienteyenergia.gob.ec\/ambiente\/wp-json\/wp\/v2\/comments?post=22262"}],"version-history":[{"count":0,"href":"https:\/\/www.ambienteyenergia.gob.ec\/ambiente\/wp-json\/wp\/v2\/posts\/22262\/revisions"}],"wp:featuredmedia":[{"embeddable":true,"href":"https:\/\/www.ambienteyenergia.gob.ec\/ambiente\/wp-json\/wp\/v2\/media\/22264"}],"wp:attachment":[{"href":"https:\/\/www.ambienteyenergia.gob.ec\/ambiente\/wp-json\/wp\/v2\/media?parent=22262"}],"wp:term":[{"taxonomy":"category","embeddable":true,"href":"https:\/\/www.ambienteyenergia.gob.ec\/ambiente\/wp-json\/wp\/v2\/categories?post=22262"},{"taxonomy":"post_tag","embeddable":true,"href":"https:\/\/www.ambienteyenergia.gob.ec\/ambiente\/wp-json\/wp\/v2\/tags?post=22262"}],"curies":[{"name":"wp","href":"https:\/\/api.w.org\/{rel}","templated":true}]}}