{"id":22258,"date":"2014-09-03T13:53:19","date_gmt":"2014-09-03T18:53:19","guid":{"rendered":"http:\/\/www.ambiente.gob.ec\/?p=22258"},"modified":"2014-09-03T13:54:05","modified_gmt":"2014-09-03T18:54:05","slug":"mae-rescato-un-perico-caretirrojo-en-la-provincia-de-chimborazo","status":"publish","type":"post","link":"https:\/\/www.ambienteyenergia.gob.ec\/ambiente\/mae-rescato-un-perico-caretirrojo-en-la-provincia-de-chimborazo\/","title":{"rendered":"MAE rescat\u00f3 un perico caretirrojo en la provincia de Chimborazo"},"content":{"rendered":"<p>El Ministerio del Ambiente (MAE), en coordinaci\u00f3n con el personal de la Unidad de Protecci\u00f3n del Medio Ambiente (UPMA) de la Polic\u00eda Nacional, rescat\u00f3 a un perico caretirrojo (Aratinga erythrogenys), en la provincia de Chimborazo.<\/p>\n<p style=\"text-align: justify;\">Hacia el barrio San Rafael de la ciudad de Riobamba, la Unidad de Vida Silvestre del MAE acudi\u00f3 a verificar el estado de salud del esp\u00e9cimen que fue entregado de forma voluntaria.<\/p>\n<p style=\"text-align: justify;\">En las pr\u00f3ximas horas, el MAE trasladar\u00e1 al ejemplar al Bosque Protector Cerro Blanco, reserva privada ubicada en la provincia del Guayas, que cuenta con un ecosistema de bosque seco tropical apropiado para el desarrollo de este tipo de especies.<\/p>\n<p style=\"text-align: justify;\">El h\u00e1bitat caracter\u00edstico de esta especie son los bosques tropicales, pero lamentablemente debido a la tala, caza y comercializaci\u00f3n su poblaci\u00f3n ha disminuido.<\/p>\n<p style=\"text-align: justify;\">La conservaci\u00f3n de la biodiversidad es un elemento clave para el desarrollo de la vida, por esta raz\u00f3n, el Ministerio del Ambiente continua con campa\u00f1as de socializaci\u00f3n y concienciaci\u00f3n con la ciudadan\u00eda para evitar la caza y comercializaci\u00f3n de espec\u00edmenes de vida silvestre en el pa\u00eds.<\/p>\n","protected":false},"excerpt":{"rendered":"<p class=\"excerpt\">El Ministerio del Ambiente (MAE), en coordinaci\u00f3n con el personal de la Unidad de Protecci\u00f3n del Medio Ambiente (UPMA) de la Polic\u00eda Nacional, rescat\u00f3 a un perico caretirrojo (Aratinga erythrogenys), en la provincia de Chimborazo. Hacia el barrio San Rafael de la ciudad de Riobamba, la Unidad de Vida Silvestre del MAE acudi\u00f3 a verificar el estado de salud del&hellip; <a href=\"https:\/\/www.ambienteyenergia.gob.ec\/ambiente\/mae-rescato-un-perico-caretirrojo-en-la-provincia-de-chimborazo\/\">Read more &rarr;<\/a><\/p>\n","protected":false},"author":13,"featured_media":22259,"comment_status":"open","ping_status":"open","sticky":false,"template":"","format":"standard","meta":{"footnotes":""},"categories":[16,4],"tags":[],"class_list":["post-22258","post","type-post","status-publish","format-standard","has-post-thumbnail","hentry","category-comunicamos","category-noticias","xfolkentry"],"_links":{"self":[{"href":"https:\/\/www.ambienteyenergia.gob.ec\/ambiente\/wp-json\/wp\/v2\/posts\/22258","targetHints":{"allow":["GET"]}}],"collection":[{"href":"https:\/\/www.ambienteyenergia.gob.ec\/ambiente\/wp-json\/wp\/v2\/posts"}],"about":[{"href":"https:\/\/www.ambienteyenergia.gob.ec\/ambiente\/wp-json\/wp\/v2\/types\/post"}],"author":[{"embeddable":true,"href":"https:\/\/www.ambienteyenergia.gob.ec\/ambiente\/wp-json\/wp\/v2\/users\/13"}],"replies":[{"embeddable":true,"href":"https:\/\/www.ambienteyenergia.gob.ec\/ambiente\/wp-json\/wp\/v2\/comments?post=22258"}],"version-history":[{"count":0,"href":"https:\/\/www.ambienteyenergia.gob.ec\/ambiente\/wp-json\/wp\/v2\/posts\/22258\/revisions"}],"wp:featuredmedia":[{"embeddable":true,"href":"https:\/\/www.ambienteyenergia.gob.ec\/ambiente\/wp-json\/wp\/v2\/media\/22259"}],"wp:attachment":[{"href":"https:\/\/www.ambienteyenergia.gob.ec\/ambiente\/wp-json\/wp\/v2\/media?parent=22258"}],"wp:term":[{"taxonomy":"category","embeddable":true,"href":"https:\/\/www.ambienteyenergia.gob.ec\/ambiente\/wp-json\/wp\/v2\/categories?post=22258"},{"taxonomy":"post_tag","embeddable":true,"href":"https:\/\/www.ambienteyenergia.gob.ec\/ambiente\/wp-json\/wp\/v2\/tags?post=22258"}],"curies":[{"name":"wp","href":"https:\/\/api.w.org\/{rel}","templated":true}]}}