{"id":22251,"date":"2014-09-01T19:14:16","date_gmt":"2014-09-02T00:14:16","guid":{"rendered":"http:\/\/www.ambiente.gob.ec\/?p=22251"},"modified":"2014-09-02T12:15:58","modified_gmt":"2014-09-02T17:15:58","slug":"ministra-lorena-tapia-cumplio-agenda-territorial-en-santo-domingo-de-los-tsachilas","status":"publish","type":"post","link":"https:\/\/www.ambienteyenergia.gob.ec\/ambiente\/ministra-lorena-tapia-cumplio-agenda-territorial-en-santo-domingo-de-los-tsachilas\/","title":{"rendered":"Ministra Lorena Tapia cumpli\u00f3 agenda territorial en Santo Domingo de los Ts\u00e1chilas"},"content":{"rendered":"<p>Hoy, la Ministra del Ambiente, Lorena Tapia, se reuni\u00f3 con autoridades de Santo Domingo de los Ts\u00e1chilas, con el objetivo de identificar y plantear soluciones a conflictos ambientales de la provincia, en el marco de las competencias de las diferentes Instituciones estatales.<\/p>\n<p style=\"text-align: justify;\"><strong>Descontaminaci\u00f3n de los r\u00edos de la provincia <\/strong><\/p>\n<p style=\"text-align: justify;\">En la reuni\u00f3n con las autoridades provinciales, la Ministra Tapia indic\u00f3 que una de las principales preocupaciones del Ministerio del Ambiente (MAE) con respecto a Santo Domingo y a todo el pa\u00eds, es la contaminaci\u00f3n de sus afluentes.<\/p>\n<p style=\"text-align: justify;\">La Ministra explic\u00f3 que el MAE ha estructurado un Plan Nacional para la descontaminaci\u00f3n de r\u00edos. Sin embargo, recalc\u00f3 que \u201cmientras no se den soluciones definitivas a las causas de la contaminaci\u00f3n, cualquier inversi\u00f3n en el saneamiento ser\u00e1 un desperdicio de recursos\u201d.<\/p>\n<p style=\"text-align: justify;\">En ese sentido, aclar\u00f3 que una de las principales causas de contaminaci\u00f3n es la descarga dom\u00e9stica de aguas servidas, debido a la falta de alcantarillado. Siendo este tema responsabilidad de los Municipios, la M\u00e1xima Autoridad Ambiental pidi\u00f3 a los alcaldes que solucionen la problem\u00e1tica de manera inmediata; y resalt\u00f3 que el MAE otorgar\u00e1 todo el apoyo necesario para el desarrollo de estos proyectos, incluyendo los cr\u00e9ditos con el Banco del Estado (BDE).<\/p>\n<p style=\"text-align: justify;\">\u201cMi presencia aqu\u00ed marca un compromiso que refleja lo que significa para el Presidente de la Rep\u00fablica Rafael Correa, el lineamiento ambiental; la responsabilidad con la que este Gobierno aborda este tema, como ning\u00fan otro Gobierno lo hizo antes\u201d.<\/p>\n<p style=\"text-align: justify;\">Finalmente, recalc\u00f3 que todas las acciones de saneamiento para los r\u00edos y toda cuesti\u00f3n ambiental de la provincia son constantes, es decir, no responden a un tema coyuntural.<\/p>\n<p style=\"text-align: justify;\">\u201cComo MAE iniciamos procesos administrativos y sancionamos a todas las fuentes de contaminaci\u00f3n. No escatimaremos esfuerzos. Debe quedar claro que la ley es para todos, para grandes y peque\u00f1as empresas. Nadie est\u00e1 excluido de la normativa ambiental\u201d, resalt\u00f3 la Titular de la Cartera de Ambiente.<\/p>\n<p style=\"text-align: justify;\"><strong>Firma de convenios de restauraci\u00f3n forestal <\/strong><\/p>\n<p style=\"text-align: justify;\">En la marco de la reuni\u00f3n, la Ministra Lorena Tapia dio a conocer los lineamientos del Plan Nacional de Restauraci\u00f3n Forestal, el cual se plantea como meta la recuperaci\u00f3n de 500 mil hect\u00e1reas hasta 2017, a nivel nacional.<\/p>\n<p style=\"text-align: justify;\">\u201cEste plan es un hito de la gesti\u00f3n del Ministerio del Ambiente. Antes la meta anual de recuperaci\u00f3n era de 20 mil hect\u00e1reas, ahora nuestra meta es 100 mil hect\u00e1reas, solo en este a\u00f1o. En ese sentido, esta provincia est\u00e1 dentro de nuestras prioridades\u201d.<\/p>\n<p style=\"text-align: justify;\">La M\u00e1xima Autoridad Ambiental recorri\u00f3 el vivero Kasama, una iniciativa de la Prefectura de la provincia Ts\u00e1chila, y coordin\u00f3 propuestas para la realizaci\u00f3n de un trabajo mancomunado entre esta Cartera de Estado y el Gobierno provincial.<\/p>\n<p style=\"text-align: justify;\">\n<p style=\"text-align: justify;\"><strong>Visita al Laboratorio Ancupa<\/strong><\/p>\n<p style=\"text-align: justify;\">En esta visita, la Secretaria de Ambiente se reuni\u00f3 con autoridades de la Asociaci\u00f3n de Cultivadores de Palma Aceitera (Ancupa), con la finalidad de establecer hojas de ruta para la regularizaci\u00f3n de peque\u00f1os palmicultores, a trav\u00e9s de la simplificaci\u00f3n de los procesos.<\/p>\n<p style=\"text-align: justify;\">Adem\u00e1s, las autoridades de esta asociaci\u00f3n informaron que se est\u00e1 levantando informaci\u00f3n de todas las plantaciones de palma y de las extractoras a nivel nacional, para dar seguimiento al proceso de regularizaci\u00f3n.<\/p>\n<p style=\"text-align: justify;\">\u201cComo Autoridad Ambiental, nos interesa que todos los palmicultores est\u00e9n regularizados. Pero el MAE no solo es una instituci\u00f3n que se presenta para sancionar. Queremos estar en todo el proceso, impartiendo capacitaciones en buenas pr\u00e1cticas ambientales, los lineamientos de trabajo, que nos benefician a todos\u201d, manifest\u00f3 la Ministra Tapia.<\/p>\n<p style=\"text-align: justify;\">\n<p style=\"text-align: justify;\"><strong>Visita a la planta de tratamiento de aguas residuales de la empresa Pronaca <\/strong><\/p>\n<p style=\"text-align: justify;\">Con el objetivo de verificar el correcto funcionamiento de la empresa Procesadora Nacional de Alimentos Pronaca, la Ministra del Ambiente recorri\u00f3 las instalaciones de la planta de tratamiento de aguas residuales.<\/p>\n<p style=\"text-align: justify;\">Durante la visita, la Ministra se reuni\u00f3 con representantes de la empresa y conoci\u00f3 la tecnolog\u00eda que se emplea para tratar el agua utilizada en el proceso de producci\u00f3n, adem\u00e1s de otras adecuaciones para mitigar el impacto ambiental.<\/p>\n<p style=\"text-align: justify;\">\n","protected":false},"excerpt":{"rendered":"<p class=\"excerpt\">Hoy, la Ministra del Ambiente, Lorena Tapia, se reuni\u00f3 con autoridades de Santo Domingo de los Ts\u00e1chilas, con el objetivo de identificar y plantear soluciones a conflictos ambientales de la provincia, en el marco de las competencias de las diferentes Instituciones estatales. Descontaminaci\u00f3n de los r\u00edos de la provincia En la reuni\u00f3n con las autoridades provinciales, la Ministra Tapia indic\u00f3&hellip; <a href=\"https:\/\/www.ambienteyenergia.gob.ec\/ambiente\/ministra-lorena-tapia-cumplio-agenda-territorial-en-santo-domingo-de-los-tsachilas\/\">Read more &rarr;<\/a><\/p>\n","protected":false},"author":13,"featured_media":22252,"comment_status":"open","ping_status":"open","sticky":false,"template":"","format":"standard","meta":{"footnotes":""},"categories":[16,4,10],"tags":[],"class_list":["post-22251","post","type-post","status-publish","format-standard","has-post-thumbnail","hentry","category-comunicamos","category-noticias","category-noticias-destacadas","xfolkentry"],"_links":{"self":[{"href":"https:\/\/www.ambienteyenergia.gob.ec\/ambiente\/wp-json\/wp\/v2\/posts\/22251","targetHints":{"allow":["GET"]}}],"collection":[{"href":"https:\/\/www.ambienteyenergia.gob.ec\/ambiente\/wp-json\/wp\/v2\/posts"}],"about":[{"href":"https:\/\/www.ambienteyenergia.gob.ec\/ambiente\/wp-json\/wp\/v2\/types\/post"}],"author":[{"embeddable":true,"href":"https:\/\/www.ambienteyenergia.gob.ec\/ambiente\/wp-json\/wp\/v2\/users\/13"}],"replies":[{"embeddable":true,"href":"https:\/\/www.ambienteyenergia.gob.ec\/ambiente\/wp-json\/wp\/v2\/comments?post=22251"}],"version-history":[{"count":0,"href":"https:\/\/www.ambienteyenergia.gob.ec\/ambiente\/wp-json\/wp\/v2\/posts\/22251\/revisions"}],"wp:featuredmedia":[{"embeddable":true,"href":"https:\/\/www.ambienteyenergia.gob.ec\/ambiente\/wp-json\/wp\/v2\/media\/22252"}],"wp:attachment":[{"href":"https:\/\/www.ambienteyenergia.gob.ec\/ambiente\/wp-json\/wp\/v2\/media?parent=22251"}],"wp:term":[{"taxonomy":"category","embeddable":true,"href":"https:\/\/www.ambienteyenergia.gob.ec\/ambiente\/wp-json\/wp\/v2\/categories?post=22251"},{"taxonomy":"post_tag","embeddable":true,"href":"https:\/\/www.ambienteyenergia.gob.ec\/ambiente\/wp-json\/wp\/v2\/tags?post=22251"}],"curies":[{"name":"wp","href":"https:\/\/api.w.org\/{rel}","templated":true}]}}