{"id":22245,"date":"2014-09-01T17:53:44","date_gmt":"2014-09-01T22:53:44","guid":{"rendered":"http:\/\/www.ambiente.gob.ec\/?p=22245"},"modified":"2014-09-01T17:53:53","modified_gmt":"2014-09-01T22:53:53","slug":"alrededor-de-50-representantes-madereros-se-capacitaron-sobre-control-y-procedencia-de-productos-forestales","status":"publish","type":"post","link":"https:\/\/www.ambienteyenergia.gob.ec\/ambiente\/alrededor-de-50-representantes-madereros-se-capacitaron-sobre-control-y-procedencia-de-productos-forestales\/","title":{"rendered":"Alrededor de 50 representantes madereros se capacitaron sobre control y procedencia de productos forestales"},"content":{"rendered":"<p style=\"text-align: justify;\">Con el fin de socializar los procesos administrativos para la verificaci\u00f3n y control de la procedencia y destino final de productos forestales, el Ministerio del Ambiente (MAE), a trav\u00e9s de la Direcci\u00f3n Provincial de Zamora Chinchipe y en coordinaci\u00f3n con la Cooperaci\u00f3n Alemana para el Desarrollo GIZ y la Mesa Forestal provincial, reuni\u00f3 a cerca de 50 representantes de las asociaciones de carpinteros, aserraderos, dep\u00f3sitos de madera y personas vinculadas a la actividad forestal, su transformaci\u00f3n y comercio. En el taller, los participantes fueron capacitados sobre el registro y actualizaci\u00f3n de inventarios de estos productos.<\/p>\n<p style=\"text-align: justify;\">Esta Cartera de Estado como autoridad ambiental regula, controla y administra el aprovechamiento del bosque, a trav\u00e9s del desarrollo y uso de herramientas tecnol\u00f3gicas y recursos humanos capacitados.<\/p>\n<p style=\"text-align: justify;\">Es as\u00ed que de forma complementaria dentro de su sistema de monitoreo, el MAE desarrolla acciones orientadas a mejorar su sistema de control forestal, a trav\u00e9s de un proceso de trazabilidad forestal y de la emisi\u00f3n de un certificado de productos forestales de origen legal, esto como parte del sistema que constituye la base para implementar una instancia nacional de monitoreo del Patrimonio Natural del Ecuador.<\/p>\n<p style=\"text-align: justify;\">En ese sentido, mediante Acuerdo Ministerial N\u00b0 049 se establecen los procedimientos administrativos para la verificaci\u00f3n y control forestal de la procedencia y destino final de los productos forestales, estos procedimientos se aplicar\u00e1n a todos los establecimientos representados por personas naturales y jur\u00eddicas, que tengan como objetivo la adquisici\u00f3n, transformaci\u00f3n, comercializaci\u00f3n o almacenaje de productos forestales.<\/p>\n","protected":false},"excerpt":{"rendered":"<p class=\"excerpt\">Con el fin de socializar los procesos administrativos para la verificaci\u00f3n y control de la procedencia y destino final de productos forestales, el Ministerio del Ambiente (MAE), a trav\u00e9s de la Direcci\u00f3n Provincial de Zamora Chinchipe y en coordinaci\u00f3n con la Cooperaci\u00f3n Alemana para el Desarrollo GIZ y la Mesa Forestal provincial, reuni\u00f3 a cerca de 50 representantes de las&hellip; <a href=\"https:\/\/www.ambienteyenergia.gob.ec\/ambiente\/alrededor-de-50-representantes-madereros-se-capacitaron-sobre-control-y-procedencia-de-productos-forestales\/\">Read more &rarr;<\/a><\/p>\n","protected":false},"author":13,"featured_media":22246,"comment_status":"open","ping_status":"open","sticky":false,"template":"","format":"standard","meta":{"footnotes":""},"categories":[16,4],"tags":[],"class_list":["post-22245","post","type-post","status-publish","format-standard","has-post-thumbnail","hentry","category-comunicamos","category-noticias","xfolkentry"],"_links":{"self":[{"href":"https:\/\/www.ambienteyenergia.gob.ec\/ambiente\/wp-json\/wp\/v2\/posts\/22245","targetHints":{"allow":["GET"]}}],"collection":[{"href":"https:\/\/www.ambienteyenergia.gob.ec\/ambiente\/wp-json\/wp\/v2\/posts"}],"about":[{"href":"https:\/\/www.ambienteyenergia.gob.ec\/ambiente\/wp-json\/wp\/v2\/types\/post"}],"author":[{"embeddable":true,"href":"https:\/\/www.ambienteyenergia.gob.ec\/ambiente\/wp-json\/wp\/v2\/users\/13"}],"replies":[{"embeddable":true,"href":"https:\/\/www.ambienteyenergia.gob.ec\/ambiente\/wp-json\/wp\/v2\/comments?post=22245"}],"version-history":[{"count":0,"href":"https:\/\/www.ambienteyenergia.gob.ec\/ambiente\/wp-json\/wp\/v2\/posts\/22245\/revisions"}],"wp:featuredmedia":[{"embeddable":true,"href":"https:\/\/www.ambienteyenergia.gob.ec\/ambiente\/wp-json\/wp\/v2\/media\/22246"}],"wp:attachment":[{"href":"https:\/\/www.ambienteyenergia.gob.ec\/ambiente\/wp-json\/wp\/v2\/media?parent=22245"}],"wp:term":[{"taxonomy":"category","embeddable":true,"href":"https:\/\/www.ambienteyenergia.gob.ec\/ambiente\/wp-json\/wp\/v2\/categories?post=22245"},{"taxonomy":"post_tag","embeddable":true,"href":"https:\/\/www.ambienteyenergia.gob.ec\/ambiente\/wp-json\/wp\/v2\/tags?post=22245"}],"curies":[{"name":"wp","href":"https:\/\/api.w.org\/{rel}","templated":true}]}}