{"id":22242,"date":"2014-09-01T17:36:01","date_gmt":"2014-09-01T22:36:01","guid":{"rendered":"http:\/\/www.ambiente.gob.ec\/?p=22242"},"modified":"2014-09-01T17:36:01","modified_gmt":"2014-09-01T22:36:01","slug":"mae-participo-en-un-taller-sobre-migracion-ambiente-y-cambio","status":"publish","type":"post","link":"https:\/\/www.ambienteyenergia.gob.ec\/ambiente\/mae-participo-en-un-taller-sobre-migracion-ambiente-y-cambio\/","title":{"rendered":"MAE particip\u00f3 en un taller sobre migraci\u00f3n, ambiente y cambio"},"content":{"rendered":"<p style=\"text-align: justify;\">El Ministerio del Ambiente (MAE) en conjunto con la Organizaci\u00f3n Internacional para las Migraciones (OIM), realizaron un taller para analizar la incidencia de la migraci\u00f3n en el cambio clim\u00e1tico para fomentar el di\u00e1logo interinstitucional sobre este tema, que como primer objetivo de corto plazo busca apoyar la preparaci\u00f3n del Ecuador para la Conferencia de las Partes (COP20) a realizarse en Lima a finales de este a\u00f1o y para otros foros globales y regionales relevantes.<\/p>\n<p style=\"text-align: justify;\">\nPor parte de la Subsecretar\u00eda de Cambio Clim\u00e1tico, Alfredo D\u00e1vila, Coordinador del Proyecto de \u201cGesti\u00f3n Integrada para la Lucha contra la Desertificaci\u00f3n, Degradaci\u00f3n de la Tierra y Adaptaci\u00f3n al Cambio Clim\u00e1tico\u201d mencion\u00f3 que la migraci\u00f3n puede funcionar como medida de adaptaci\u00f3n contra los efectos negativos del cambio clim\u00e1tico mediante la b\u00fasqueda y posible suministro de medios de vida alternativos y explic\u00f3 las pol\u00edticas que se generan desde esta Cartera de Estado a trav\u00e9s de sus acuerdos ministeriales que se implementan por medio de herramientas como la Estrategia Nacional de Cambio Clim\u00e1tico (ENCC) y el Plan Nacional de Cambio Clim\u00e1tico (PNCC).<\/p>\n<p>En el evento participaron representantes de varias instituciones como: Secretar\u00eda de Gesti\u00f3n de Riesgos, Ministerio de Inclusi\u00f3n Econ\u00f3mica y Social, Ministerio de Salud P\u00fablica, Ministerio de Electricidad y Energ\u00edas Renovables, Ministerio de Relaciones Exteriores y Movilidad Humana a trav\u00e9s de la Direcci\u00f3n de Ambiente y Cambio Clim\u00e1tico y del Viceministerio de Movilidad Humana, el Programa de las Naciones Unidas para el Desarrollo, Organizaci\u00f3n de las Naciones Unidas para la Alimentaci\u00f3n y, por supuesto la Organizaci\u00f3n Internacional para las Migraciones y el Ministerio del Ambiente.<\/p>\n<p style=\"text-align: justify;\">\n<strong>\u2028El dato<\/strong><br \/>\nSeg\u00fan diversos expertos, se prev\u00e9 que el cambio clim\u00e1tico producir\u00e1 un incremento en los movimientos de poblaci\u00f3n dentro y fuera de las fronteras de los pa\u00edses como resultado de factores tales como el aumento en la intensidad de los fen\u00f3menos meteorol\u00f3gicos extremos, aumento del nivel del mar, y la aceleraci\u00f3n de la degradaci\u00f3n del medio ambiente.<\/p>\n<p>Adem\u00e1s, el cambio clim\u00e1tico tendr\u00e1 consecuencias adversas para los medios de vida, la salud p\u00fablica, la seguridad alimentaria, y la disponibilidad de agua. Sin embargo, la relaci\u00f3n entre tendencias ambientales y cambio clim\u00e1tico y migraci\u00f3n son complejas. Ante la ausencia de un marco internacional sobre los migrantes ambientales, existe la necesidad de desarrollar e implementar mecanismos para evitar que el\/la posible migrante se vea obligado\/a abandonar su tierra.<\/p>\n","protected":false},"excerpt":{"rendered":"<p class=\"excerpt\">El Ministerio del Ambiente (MAE) en conjunto con la Organizaci\u00f3n Internacional para las Migraciones (OIM), realizaron un taller para analizar la incidencia de la migraci\u00f3n en el cambio clim\u00e1tico para fomentar el di\u00e1logo interinstitucional sobre este tema, que como primer objetivo de corto plazo busca apoyar la preparaci\u00f3n del Ecuador para la Conferencia de las Partes (COP20) a realizarse en&hellip; <a href=\"https:\/\/www.ambienteyenergia.gob.ec\/ambiente\/mae-participo-en-un-taller-sobre-migracion-ambiente-y-cambio\/\">Read more &rarr;<\/a><\/p>\n","protected":false},"author":13,"featured_media":22243,"comment_status":"open","ping_status":"open","sticky":false,"template":"","format":"standard","meta":{"footnotes":""},"categories":[16,4],"tags":[],"class_list":["post-22242","post","type-post","status-publish","format-standard","has-post-thumbnail","hentry","category-comunicamos","category-noticias","xfolkentry"],"_links":{"self":[{"href":"https:\/\/www.ambienteyenergia.gob.ec\/ambiente\/wp-json\/wp\/v2\/posts\/22242","targetHints":{"allow":["GET"]}}],"collection":[{"href":"https:\/\/www.ambienteyenergia.gob.ec\/ambiente\/wp-json\/wp\/v2\/posts"}],"about":[{"href":"https:\/\/www.ambienteyenergia.gob.ec\/ambiente\/wp-json\/wp\/v2\/types\/post"}],"author":[{"embeddable":true,"href":"https:\/\/www.ambienteyenergia.gob.ec\/ambiente\/wp-json\/wp\/v2\/users\/13"}],"replies":[{"embeddable":true,"href":"https:\/\/www.ambienteyenergia.gob.ec\/ambiente\/wp-json\/wp\/v2\/comments?post=22242"}],"version-history":[{"count":0,"href":"https:\/\/www.ambienteyenergia.gob.ec\/ambiente\/wp-json\/wp\/v2\/posts\/22242\/revisions"}],"wp:featuredmedia":[{"embeddable":true,"href":"https:\/\/www.ambienteyenergia.gob.ec\/ambiente\/wp-json\/wp\/v2\/media\/22243"}],"wp:attachment":[{"href":"https:\/\/www.ambienteyenergia.gob.ec\/ambiente\/wp-json\/wp\/v2\/media?parent=22242"}],"wp:term":[{"taxonomy":"category","embeddable":true,"href":"https:\/\/www.ambienteyenergia.gob.ec\/ambiente\/wp-json\/wp\/v2\/categories?post=22242"},{"taxonomy":"post_tag","embeddable":true,"href":"https:\/\/www.ambienteyenergia.gob.ec\/ambiente\/wp-json\/wp\/v2\/tags?post=22242"}],"curies":[{"name":"wp","href":"https:\/\/api.w.org\/{rel}","templated":true}]}}