{"id":22239,"date":"2014-09-01T17:33:58","date_gmt":"2014-09-01T22:33:58","guid":{"rendered":"http:\/\/www.ambiente.gob.ec\/?p=22239"},"modified":"2014-09-01T17:33:58","modified_gmt":"2014-09-01T22:33:58","slug":"mae-retiene-607-libras-de-langosta-en-la-isla-isabela","status":"publish","type":"post","link":"https:\/\/www.ambienteyenergia.gob.ec\/ambiente\/mae-retiene-607-libras-de-langosta-en-la-isla-isabela\/","title":{"rendered":"MAE retiene 607 libras de langosta en la isla Isabela"},"content":{"rendered":"<p style=\"text-align: justify;\"><em>En operativo conjunto con la Polic\u00eda Nacional se descubri\u00f3 un gran cargamento de este producto marino en veda.<\/em><\/p>\n<p style=\"text-align: justify;\">En un operativo de control realizado por el Ministerio del Ambiente, a trav\u00e9s de la Direcci\u00f3n del Parque Nacional Gal\u00e1pagos (DPNG) y en coordinaci\u00f3n con la Polic\u00eda Nacional, se allan\u00f3 una bodega en Puerto Villamil, isla Isabela, en la que se encontraron dos congeladores en cuyo interior se descubrieron cerca de mil colas de langosta roja y verde, especie protegida dentro de la Reserva Marina de Gal\u00e1pagos, que se encuentra en veda.<\/p>\n<p style=\"text-align: justify;\">Luego del allanamiento y retiro de la evidencia por parte de la autoridad policial, la DPNG procedi\u00f3 a contabilizar el producto retenido. En total se decomisaron 607 libras, 587 colas de langosta verde y 356 de langosta roja.<\/p>\n<p style=\"text-align: justify;\">La pesquer\u00eda de langosta roja y verde est\u00e1 autorizada para realizarse dentro del \u00e1rea marina protegida a partir del 8 de septiembre por un lapso de 4 meses, seg\u00fan el acuerdo de Junta de Manejo Participativo, reunida ordinariamente el pasado 25 de agosto.<\/p>\n<p style=\"text-align: justify;\">La DPNG, como responsable del manejo de las \u00e1reas protegidas de Gal\u00e1pagos y sus recursos, iniciar\u00e1 acciones legales correspondientes para sancionar este posible delito ambiental e infracci\u00f3n administrativa.<\/p>\n","protected":false},"excerpt":{"rendered":"<p class=\"excerpt\">En operativo conjunto con la Polic\u00eda Nacional se descubri\u00f3 un gran cargamento de este producto marino en veda. En un operativo de control realizado por el Ministerio del Ambiente, a trav\u00e9s de la Direcci\u00f3n del Parque Nacional Gal\u00e1pagos (DPNG) y en coordinaci\u00f3n con la Polic\u00eda Nacional, se allan\u00f3 una bodega en Puerto Villamil, isla Isabela, en la que se encontraron&hellip; <a href=\"https:\/\/www.ambienteyenergia.gob.ec\/ambiente\/mae-retiene-607-libras-de-langosta-en-la-isla-isabela\/\">Read more &rarr;<\/a><\/p>\n","protected":false},"author":13,"featured_media":22240,"comment_status":"open","ping_status":"open","sticky":false,"template":"","format":"standard","meta":{"footnotes":""},"categories":[16,4],"tags":[],"class_list":["post-22239","post","type-post","status-publish","format-standard","has-post-thumbnail","hentry","category-comunicamos","category-noticias","xfolkentry"],"_links":{"self":[{"href":"https:\/\/www.ambienteyenergia.gob.ec\/ambiente\/wp-json\/wp\/v2\/posts\/22239","targetHints":{"allow":["GET"]}}],"collection":[{"href":"https:\/\/www.ambienteyenergia.gob.ec\/ambiente\/wp-json\/wp\/v2\/posts"}],"about":[{"href":"https:\/\/www.ambienteyenergia.gob.ec\/ambiente\/wp-json\/wp\/v2\/types\/post"}],"author":[{"embeddable":true,"href":"https:\/\/www.ambienteyenergia.gob.ec\/ambiente\/wp-json\/wp\/v2\/users\/13"}],"replies":[{"embeddable":true,"href":"https:\/\/www.ambienteyenergia.gob.ec\/ambiente\/wp-json\/wp\/v2\/comments?post=22239"}],"version-history":[{"count":0,"href":"https:\/\/www.ambienteyenergia.gob.ec\/ambiente\/wp-json\/wp\/v2\/posts\/22239\/revisions"}],"wp:featuredmedia":[{"embeddable":true,"href":"https:\/\/www.ambienteyenergia.gob.ec\/ambiente\/wp-json\/wp\/v2\/media\/22240"}],"wp:attachment":[{"href":"https:\/\/www.ambienteyenergia.gob.ec\/ambiente\/wp-json\/wp\/v2\/media?parent=22239"}],"wp:term":[{"taxonomy":"category","embeddable":true,"href":"https:\/\/www.ambienteyenergia.gob.ec\/ambiente\/wp-json\/wp\/v2\/categories?post=22239"},{"taxonomy":"post_tag","embeddable":true,"href":"https:\/\/www.ambienteyenergia.gob.ec\/ambiente\/wp-json\/wp\/v2\/tags?post=22239"}],"curies":[{"name":"wp","href":"https:\/\/api.w.org\/{rel}","templated":true}]}}