{"id":22228,"date":"2014-09-01T15:49:49","date_gmt":"2014-09-01T20:49:49","guid":{"rendered":"http:\/\/www.ambiente.gob.ec\/?p=22228"},"modified":"2014-09-01T15:49:49","modified_gmt":"2014-09-01T20:49:49","slug":"mae-realizo-una-minga-de-limpieza-en-el-estero-mogollon","status":"publish","type":"post","link":"https:\/\/www.ambienteyenergia.gob.ec\/ambiente\/mae-realizo-una-minga-de-limpieza-en-el-estero-mogollon\/","title":{"rendered":"MAE realiz\u00f3 una minga de limpieza en el Estero Mogoll\u00f3n"},"content":{"rendered":"<p style=\"text-align: justify;\">Como parte de las diferentes actividades de recuperaci\u00f3n del Estero Salado, el Proyecto Guayaquil Ecol\u00f3gico del Ministerio del Ambiente, en colaboraci\u00f3n con\u00a0el Ministerio de\u00a0Salud\u00a0P\u00fablica (MSP),\u00a0Empresa El\u00e9ctrica de Guayaquil, Consorcio Puerto Limpio y Visolit, se llev\u00f3 a cabo una minga de limpieza comunitaria y brigada m\u00e9dica en la Av. 28 y O\u00b4connor, en el Estero Mogoll\u00f3n.<\/p>\n<p style=\"text-align: justify;\">\n<p style=\"text-align: justify;\">La jornada de limpieza inici\u00f3 a las 08:00, donde moradores de este sector sacaron los desechos de sus hogares, as\u00ed como los desperdicios en calles, los mismos que fueron recolectados gracias a la colaboraci\u00f3n de los trabajadores de Puerto limpio y Visolit, obteniendo un total de tres toneladas de basura en general.<\/p>\n<p style=\"text-align: justify;\">\n<p style=\"text-align: justify;\">Promotores ambientales\u00a0de esta Cartera de Estado\u00a0instalaron una carpa de informaci\u00f3n donde se socializ\u00f3 a los asistentes sobre\u00a0las actividades que el Proyecto Guayaquil Ecol\u00f3gico\u00a0\u2013 Componente Estero Salado ejecuta\u00a0en las riberas de este importante brazo de mar, a favor de su recuperaci\u00f3n.\u00a0Adem\u00e1s se\u00a0impartieron\u00a0charlas sobre el correcto manejo de los desechos s\u00f3lidos y los procesos de multas y prisi\u00f3n para aquellas personas que arrojen desperdicios al estero.<\/p>\n<p style=\"text-align: justify;\">\n<p style=\"text-align: justify;\">El Ministerio de Salud P\u00fablica tambi\u00e9n particip\u00f3 de esta jornada brindando atenci\u00f3n m\u00e9dica preventiva a alrededor de 200 habitantes en este sector a quienes entreg\u00f3 medicinas y vitaminas. Adem\u00e1s, se realiz\u00f3 un chequeo general de signos vitales, toma de pulso y asistencia odontol\u00f3gica.<\/p>\n<p style=\"text-align: justify;\">\n<p style=\"text-align: justify;\">Por su parte, la El\u00e9ctrica de Guayaquil instal\u00f3 una casa m\u00f3vil donde promotores hicieron recomendaciones a los asistentes sobre el buen uso de energ\u00eda, instalaciones el\u00e9ctricas y uso de focos ahorradores.<\/p>\n<p style=\"text-align: justify;\">\n<p style=\"text-align: justify;\">Estas actividades forman parte de un cronograma que se ejecutar\u00e1 en varios sectores como parte del programa de educaci\u00f3n ambiental\u00a0y recuperaci\u00f3n\u00a0integral\u00a0del Estero Salado.<\/p>\n","protected":false},"excerpt":{"rendered":"<p class=\"excerpt\">Como parte de las diferentes actividades de recuperaci\u00f3n del Estero Salado, el Proyecto Guayaquil Ecol\u00f3gico del Ministerio del Ambiente, en colaboraci\u00f3n con\u00a0el Ministerio de\u00a0Salud\u00a0P\u00fablica (MSP),\u00a0Empresa El\u00e9ctrica de Guayaquil, Consorcio Puerto Limpio y Visolit, se llev\u00f3 a cabo una minga de limpieza comunitaria y brigada m\u00e9dica en la Av. 28 y O\u00b4connor, en el Estero Mogoll\u00f3n. La jornada de limpieza inici\u00f3&hellip; <a href=\"https:\/\/www.ambienteyenergia.gob.ec\/ambiente\/mae-realizo-una-minga-de-limpieza-en-el-estero-mogollon\/\">Read more &rarr;<\/a><\/p>\n","protected":false},"author":13,"featured_media":22229,"comment_status":"open","ping_status":"open","sticky":false,"template":"","format":"standard","meta":{"footnotes":""},"categories":[16,4],"tags":[],"class_list":["post-22228","post","type-post","status-publish","format-standard","has-post-thumbnail","hentry","category-comunicamos","category-noticias","xfolkentry"],"_links":{"self":[{"href":"https:\/\/www.ambienteyenergia.gob.ec\/ambiente\/wp-json\/wp\/v2\/posts\/22228","targetHints":{"allow":["GET"]}}],"collection":[{"href":"https:\/\/www.ambienteyenergia.gob.ec\/ambiente\/wp-json\/wp\/v2\/posts"}],"about":[{"href":"https:\/\/www.ambienteyenergia.gob.ec\/ambiente\/wp-json\/wp\/v2\/types\/post"}],"author":[{"embeddable":true,"href":"https:\/\/www.ambienteyenergia.gob.ec\/ambiente\/wp-json\/wp\/v2\/users\/13"}],"replies":[{"embeddable":true,"href":"https:\/\/www.ambienteyenergia.gob.ec\/ambiente\/wp-json\/wp\/v2\/comments?post=22228"}],"version-history":[{"count":0,"href":"https:\/\/www.ambienteyenergia.gob.ec\/ambiente\/wp-json\/wp\/v2\/posts\/22228\/revisions"}],"wp:featuredmedia":[{"embeddable":true,"href":"https:\/\/www.ambienteyenergia.gob.ec\/ambiente\/wp-json\/wp\/v2\/media\/22229"}],"wp:attachment":[{"href":"https:\/\/www.ambienteyenergia.gob.ec\/ambiente\/wp-json\/wp\/v2\/media?parent=22228"}],"wp:term":[{"taxonomy":"category","embeddable":true,"href":"https:\/\/www.ambienteyenergia.gob.ec\/ambiente\/wp-json\/wp\/v2\/categories?post=22228"},{"taxonomy":"post_tag","embeddable":true,"href":"https:\/\/www.ambienteyenergia.gob.ec\/ambiente\/wp-json\/wp\/v2\/tags?post=22228"}],"curies":[{"name":"wp","href":"https:\/\/api.w.org\/{rel}","templated":true}]}}