{"id":22222,"date":"2014-09-01T15:11:27","date_gmt":"2014-09-01T20:11:27","guid":{"rendered":"http:\/\/www.ambiente.gob.ec\/?p=22222"},"modified":"2014-09-01T15:11:27","modified_gmt":"2014-09-01T20:11:27","slug":"500-personas-participaron-en-el-control-del-incendio-en-el-topo-e-iltaqui","status":"publish","type":"post","link":"https:\/\/www.ambienteyenergia.gob.ec\/ambiente\/500-personas-participaron-en-el-control-del-incendio-en-el-topo-e-iltaqui\/","title":{"rendered":"500 personas participaron en el control del Incendio en el Topo e Iltaqui"},"content":{"rendered":"<p style=\"text-align: justify;\">El pasado fin de semana varios t\u00e9cnicos de la Direcci\u00f3n Provincial del Ambiente de Imbabura acudieron al sector de Topo e Iltaqui, de la ciudad de Cotacachi, parroquia de Imantag, con el fin de brindar apoyo en los trabajos\u00a0 de mitigaci\u00f3n del incendio que se produjo en la zona de amortiguamiento de la Reserva Ecol\u00f3gica Cotacachi Cayapas.<\/p>\n<p style=\"text-align: justify;\">\nGracias al apoyo y trabajo conjunto de cerca de 500 personas del Ministerio del Ambiente de Ecuador (MAE), Municipio de Cotacachi, Cuerpo de Bomberos, Secretar\u00eda de Riesgos, Prefectura de Imbabura, Militares, Polic\u00eda Nacional y moradores de 7 comunidades se logr\u00f3 controlar el flagelo.<\/p>\n<p style=\"text-align: justify;\">\nAl momento, la direcci\u00f3n provincial realiza trabajos de evaluaci\u00f3n para determinar la posible causa y el total de \u00e1rea afectada.<\/p>\n","protected":false},"excerpt":{"rendered":"<p class=\"excerpt\">El pasado fin de semana varios t\u00e9cnicos de la Direcci\u00f3n Provincial del Ambiente de Imbabura acudieron al sector de Topo e Iltaqui, de la ciudad de Cotacachi, parroquia de Imantag, con el fin de brindar apoyo en los trabajos\u00a0 de mitigaci\u00f3n del incendio que se produjo en la zona de amortiguamiento de la Reserva Ecol\u00f3gica Cotacachi Cayapas. Gracias al apoyo&hellip; <a href=\"https:\/\/www.ambienteyenergia.gob.ec\/ambiente\/500-personas-participaron-en-el-control-del-incendio-en-el-topo-e-iltaqui\/\">Read more &rarr;<\/a><\/p>\n","protected":false},"author":13,"featured_media":22223,"comment_status":"open","ping_status":"open","sticky":false,"template":"","format":"standard","meta":{"footnotes":""},"categories":[16,4],"tags":[],"class_list":["post-22222","post","type-post","status-publish","format-standard","has-post-thumbnail","hentry","category-comunicamos","category-noticias","xfolkentry"],"_links":{"self":[{"href":"https:\/\/www.ambienteyenergia.gob.ec\/ambiente\/wp-json\/wp\/v2\/posts\/22222","targetHints":{"allow":["GET"]}}],"collection":[{"href":"https:\/\/www.ambienteyenergia.gob.ec\/ambiente\/wp-json\/wp\/v2\/posts"}],"about":[{"href":"https:\/\/www.ambienteyenergia.gob.ec\/ambiente\/wp-json\/wp\/v2\/types\/post"}],"author":[{"embeddable":true,"href":"https:\/\/www.ambienteyenergia.gob.ec\/ambiente\/wp-json\/wp\/v2\/users\/13"}],"replies":[{"embeddable":true,"href":"https:\/\/www.ambienteyenergia.gob.ec\/ambiente\/wp-json\/wp\/v2\/comments?post=22222"}],"version-history":[{"count":0,"href":"https:\/\/www.ambienteyenergia.gob.ec\/ambiente\/wp-json\/wp\/v2\/posts\/22222\/revisions"}],"wp:featuredmedia":[{"embeddable":true,"href":"https:\/\/www.ambienteyenergia.gob.ec\/ambiente\/wp-json\/wp\/v2\/media\/22223"}],"wp:attachment":[{"href":"https:\/\/www.ambienteyenergia.gob.ec\/ambiente\/wp-json\/wp\/v2\/media?parent=22222"}],"wp:term":[{"taxonomy":"category","embeddable":true,"href":"https:\/\/www.ambienteyenergia.gob.ec\/ambiente\/wp-json\/wp\/v2\/categories?post=22222"},{"taxonomy":"post_tag","embeddable":true,"href":"https:\/\/www.ambienteyenergia.gob.ec\/ambiente\/wp-json\/wp\/v2\/tags?post=22222"}],"curies":[{"name":"wp","href":"https:\/\/api.w.org\/{rel}","templated":true}]}}