{"id":22217,"date":"2014-09-01T11:10:18","date_gmt":"2014-09-01T16:10:18","guid":{"rendered":"http:\/\/www.ambiente.gob.ec\/?p=22217"},"modified":"2014-09-01T11:10:18","modified_gmt":"2014-09-01T16:10:18","slug":"mae-realizo-taller-de-socializacion-de-la-normativa-tecnica-de-cambio-climatico-en-tungurahua-chimborazo-cotopaxi-y-pastaza","status":"publish","type":"post","link":"https:\/\/www.ambienteyenergia.gob.ec\/ambiente\/mae-realizo-taller-de-socializacion-de-la-normativa-tecnica-de-cambio-climatico-en-tungurahua-chimborazo-cotopaxi-y-pastaza\/","title":{"rendered":"MAE realiz\u00f3 taller de socializaci\u00f3n de la Normativa T\u00e9cnica de Cambio Clim\u00e1tico en Tungurahua, Chimborazo, Cotopaxi y Pastaza"},"content":{"rendered":"<p style=\"text-align: justify;\">Funcionarios del proyecto Gesti\u00f3n de la Adaptaci\u00f3n al Cambio Clim\u00e1tico para disminuir la vulnerabilidad social, econ\u00f3mica y ambiental (GACC) de la Subsecretar\u00eda de Cambio Clim\u00e1tico del Ministerio del Ambiente de Ecuador (MAE), socializaron la estructura de la \u201cGu\u00eda Explicativa para la aplicaci\u00f3n de los Lineamientos Generales para Planes, Programas y Estrategias de cambio clim\u00e1tico de Gobiernos Aut\u00f3nomos Descentralizados y la inclusi\u00f3n de consideraciones de Cambio Clim\u00e1tico en el proceso de actualizaci\u00f3n de los Planes de Desarrollo y Ordenamiento Territorial (PDOT) en las provincias de Tungurahua, Chimborazo, Cotopaxi y Pastaza con el apoyo de la Cooperaci\u00f3n T\u00e9cnica Alemana (GIZ, por sus siglas en alem\u00e1n).<\/p>\n<p style=\"text-align: justify;\">\nLuego de la socializaci\u00f3n de la mencionada Gu\u00eda, en los Gobiernos Aut\u00f3nomos Descentralizados (GAD) provinciales de Chimborazo, Cotopaxi, Tungurahua y Pastaza, se considera oportuno dar a conocer esta herramienta en los talleres que organiza la Secretar\u00eda Nacional de Planificaci\u00f3n y Desarrollo (SENPLADES Regi\u00f3n 3), donde se da el acompa\u00f1amiento y apoyo t\u00e9cnico a los GAD cantonales para la actualizaci\u00f3n de sus PDOT. As\u00ed se motiva la incorporaci\u00f3n de la variable de cambio clim\u00e1tico en sus planificaciones territoriales.<\/p>\n<p style=\"text-align: justify;\">\nLa consideraci\u00f3n de cambio clim\u00e1tico dentro de los PDOT es un proceso voluntario, sin embargo, la gesti\u00f3n del cambio clim\u00e1tico es una Pol\u00edtica de Estado y debe considerarse en todos los sectores de la econom\u00eda, lo que es posible si se le incluye en la planificaci\u00f3n, para ordenar, compatibilizar y armonizar las decisiones estrat\u00e9gicas de desarrollo respecto a los asentamientos humanos, las actividades econ\u00f3mico-productivas y el manejo de los recursos naturales en funci\u00f3n de las cualidades territoriales.<\/p>\n<p style=\"text-align: justify;\">\nParticiparon en el taller: funcionarios de los GAD parroquiales cantonales y provinciales de Tungurahua, Chimborazo, Cotopaxi y Pastaza, Subsecretar\u00eda de Cambio Clim\u00e1tico, GIZ, SENPLADES Regi\u00f3n 3, Frente Sur Occidental.<\/p>\n","protected":false},"excerpt":{"rendered":"<p class=\"excerpt\">Funcionarios del proyecto Gesti\u00f3n de la Adaptaci\u00f3n al Cambio Clim\u00e1tico para disminuir la vulnerabilidad social, econ\u00f3mica y ambiental (GACC) de la Subsecretar\u00eda de Cambio Clim\u00e1tico del Ministerio del Ambiente de Ecuador (MAE), socializaron la estructura de la \u201cGu\u00eda Explicativa para la aplicaci\u00f3n de los Lineamientos Generales para Planes, Programas y Estrategias de cambio clim\u00e1tico de Gobiernos Aut\u00f3nomos Descentralizados y la&hellip; <a href=\"https:\/\/www.ambienteyenergia.gob.ec\/ambiente\/mae-realizo-taller-de-socializacion-de-la-normativa-tecnica-de-cambio-climatico-en-tungurahua-chimborazo-cotopaxi-y-pastaza\/\">Read more &rarr;<\/a><\/p>\n","protected":false},"author":13,"featured_media":22218,"comment_status":"open","ping_status":"open","sticky":false,"template":"","format":"standard","meta":{"footnotes":""},"categories":[16,4],"tags":[],"class_list":["post-22217","post","type-post","status-publish","format-standard","has-post-thumbnail","hentry","category-comunicamos","category-noticias","xfolkentry"],"_links":{"self":[{"href":"https:\/\/www.ambienteyenergia.gob.ec\/ambiente\/wp-json\/wp\/v2\/posts\/22217","targetHints":{"allow":["GET"]}}],"collection":[{"href":"https:\/\/www.ambienteyenergia.gob.ec\/ambiente\/wp-json\/wp\/v2\/posts"}],"about":[{"href":"https:\/\/www.ambienteyenergia.gob.ec\/ambiente\/wp-json\/wp\/v2\/types\/post"}],"author":[{"embeddable":true,"href":"https:\/\/www.ambienteyenergia.gob.ec\/ambiente\/wp-json\/wp\/v2\/users\/13"}],"replies":[{"embeddable":true,"href":"https:\/\/www.ambienteyenergia.gob.ec\/ambiente\/wp-json\/wp\/v2\/comments?post=22217"}],"version-history":[{"count":0,"href":"https:\/\/www.ambienteyenergia.gob.ec\/ambiente\/wp-json\/wp\/v2\/posts\/22217\/revisions"}],"wp:featuredmedia":[{"embeddable":true,"href":"https:\/\/www.ambienteyenergia.gob.ec\/ambiente\/wp-json\/wp\/v2\/media\/22218"}],"wp:attachment":[{"href":"https:\/\/www.ambienteyenergia.gob.ec\/ambiente\/wp-json\/wp\/v2\/media?parent=22217"}],"wp:term":[{"taxonomy":"category","embeddable":true,"href":"https:\/\/www.ambienteyenergia.gob.ec\/ambiente\/wp-json\/wp\/v2\/categories?post=22217"},{"taxonomy":"post_tag","embeddable":true,"href":"https:\/\/www.ambienteyenergia.gob.ec\/ambiente\/wp-json\/wp\/v2\/tags?post=22217"}],"curies":[{"name":"wp","href":"https:\/\/api.w.org\/{rel}","templated":true}]}}