{"id":22214,"date":"2014-09-01T10:34:04","date_gmt":"2014-09-01T15:34:04","guid":{"rendered":"http:\/\/www.ambiente.gob.ec\/?p=22214"},"modified":"2014-09-01T10:34:04","modified_gmt":"2014-09-01T15:34:04","slug":"obra-de-titeres-apoya-campana-de-reduccion-de-plasticos","status":"publish","type":"post","link":"https:\/\/www.ambienteyenergia.gob.ec\/ambiente\/obra-de-titeres-apoya-campana-de-reduccion-de-plasticos\/","title":{"rendered":"Obra de t\u00edteres apoya campa\u00f1a de reducci\u00f3n de pl\u00e1sticos"},"content":{"rendered":"<div style=\"color: #000000; text-align: justify;\">El objetivo es utilizar esta herramienta educativa para reforzar el consumo responsable de los pl\u00e1sticos, en especial de fundas pl\u00e1sticas en Gal\u00e1pagos.<\/div>\n<div style=\"color: #000000; text-align: justify;\"><\/div>\n<div style=\"color: #000000; text-align: justify;\">Con una obra de t\u00edteres ejecutada por los integrantes del programa de participaci\u00f3n estudiantil, en la alternativa educaci\u00f3n ambiental para la comunidad, el Ministerio del Ambiente, a trav\u00e9s de la Direcci\u00f3n del Parque Nacional Gal\u00e1pagos (DPNG), busca fortalecer la campa\u00f1a de consumo responsable de pl\u00e1sticos, en especial de fundas pl\u00e1sticas, tipo camiseta, en el archipi\u00e9lago, como una medida para conservar los ecosistemas.<\/div>\n<div style=\"color: #000000; text-align: justify;\"><\/div>\n<div style=\"color: #000000; text-align: justify;\">En esta alternativa de educaci\u00f3n ambiental para la comunidad, est\u00e1n participando 21 estudiantes de segundo a\u00f1o de bachillerato de colegios Gal\u00e1pagos, Miguel \u00c1ngel Cazares y San Francisco, de Santa Cruz, quienes trabajan en esta actividad los d\u00edas\u00a0<span id=\"OBJ_PREFIX_DWT430_com_zimbra_date\" class=\"Object\" style=\"color: #00008b;\">s\u00e1<\/span>bados durante 4 meses, para cumplir las 80 horas que determina el programa.<\/div>\n<div style=\"color: #000000; text-align: justify;\"><\/div>\n<div style=\"color: #000000; text-align: justify;\">Los estudiantes se han involucrado en todas las fases de la preparaci\u00f3n de la obra llamada \u201cPlasticol\u201d, desde la elaboraci\u00f3n de los t\u00edteres a mano, hasta la puesta en escena. Es la primera vez que la DPNG implementa este tipo de opci\u00f3n para estudiantes de la alternativa. Las otras opciones que paralelamente desarrolla la instituci\u00f3n dentro del programa de participaci\u00f3n estudiantil son Guardaparque Estudiantil que cuenta con 34 estudiantes y Restauraci\u00f3n de ecosistemas con 60.<\/div>\n<div style=\"color: #000000; text-align: justify;\"><\/div>\n<div style=\"color: #000000; text-align: justify;\"><span style=\"color: #000000;\">Esta obra de t\u00edteres narra la historia de dos muchachos galapague\u00f1os que se ganan un viaje al planeta Plasticol. En este lugar, en donde todo es de pl\u00e1stico -incluso las personas han sufrido mutaciones- ellos conocen la realidad de un mundo destruido por el consumo indiscriminado de pl\u00e1sticos; y experimentan el esfuerzo que los habitantes de este planeta realizan por revertir esta realidad. En el desenlace, los j\u00f3venes galapague\u00f1os retornan a su para\u00edso, convencidos de que es necesario hacer las cosas bien desde ahora para no convertir a las islas Gal\u00e1pagos en un Plasticol.\u00a0<\/span><\/div>\n<div style=\"color: #000000; text-align: justify;\"><\/div>\n<div style=\"color: #000000; text-align: justify;\">La obra de t\u00edteres que es apta para todo p\u00fablico, ser\u00e1 presentada varios barrios y lugares p\u00fablicos de Santa Cruz, \u00a0durante los\u00a0<span id=\"OBJ_PREFIX_DWT431_com_zimbra_date\" class=\"Object\" style=\"color: #00008b;\">s\u00e1<\/span>bados hasta inicios de 2015. Previo a la presentaci\u00f3n de la obra, en el barrio designado, los estudiantes entregar\u00e1n puerta a puerta, una funda de tela como opci\u00f3n para realizar las compras, e invitar\u00e1n a cada familia a la presentaci\u00f3n de la obra.<\/div>\n<div style=\"color: #000000; text-align: justify;\"><\/div>\n<div style=\"color: #000000; text-align: justify;\">La DPNG planifica ejecutar una actividad similar en las otras islas pobladas del archipi\u00e9lago, a fin de provocar en los habitantes de Gal\u00e1pagos, un cambio de actitud y la adopci\u00f3n de pr\u00e1cticas m\u00e1s responsables con el medio ambiente.<\/div>\n","protected":false},"excerpt":{"rendered":"<p class=\"excerpt\">El objetivo es utilizar esta herramienta educativa para reforzar el consumo responsable de los pl\u00e1sticos, en especial de fundas pl\u00e1sticas en Gal\u00e1pagos. Con una obra de t\u00edteres ejecutada por los integrantes del programa de participaci\u00f3n estudiantil, en la alternativa educaci\u00f3n ambiental para la comunidad, el Ministerio del Ambiente, a trav\u00e9s de la Direcci\u00f3n del Parque Nacional Gal\u00e1pagos (DPNG), busca fortalecer&hellip; <a href=\"https:\/\/www.ambienteyenergia.gob.ec\/ambiente\/obra-de-titeres-apoya-campana-de-reduccion-de-plasticos\/\">Read more &rarr;<\/a><\/p>\n","protected":false},"author":13,"featured_media":22215,"comment_status":"open","ping_status":"open","sticky":false,"template":"","format":"standard","meta":{"footnotes":""},"categories":[16,4],"tags":[394,387],"class_list":["post-22214","post","type-post","status-publish","format-standard","has-post-thumbnail","hentry","category-comunicamos","category-noticias","tag-direccion-del-parque-nacional-galapagos","tag-mae-lorena-tapia","xfolkentry"],"_links":{"self":[{"href":"https:\/\/www.ambienteyenergia.gob.ec\/ambiente\/wp-json\/wp\/v2\/posts\/22214","targetHints":{"allow":["GET"]}}],"collection":[{"href":"https:\/\/www.ambienteyenergia.gob.ec\/ambiente\/wp-json\/wp\/v2\/posts"}],"about":[{"href":"https:\/\/www.ambienteyenergia.gob.ec\/ambiente\/wp-json\/wp\/v2\/types\/post"}],"author":[{"embeddable":true,"href":"https:\/\/www.ambienteyenergia.gob.ec\/ambiente\/wp-json\/wp\/v2\/users\/13"}],"replies":[{"embeddable":true,"href":"https:\/\/www.ambienteyenergia.gob.ec\/ambiente\/wp-json\/wp\/v2\/comments?post=22214"}],"version-history":[{"count":0,"href":"https:\/\/www.ambienteyenergia.gob.ec\/ambiente\/wp-json\/wp\/v2\/posts\/22214\/revisions"}],"wp:featuredmedia":[{"embeddable":true,"href":"https:\/\/www.ambienteyenergia.gob.ec\/ambiente\/wp-json\/wp\/v2\/media\/22215"}],"wp:attachment":[{"href":"https:\/\/www.ambienteyenergia.gob.ec\/ambiente\/wp-json\/wp\/v2\/media?parent=22214"}],"wp:term":[{"taxonomy":"category","embeddable":true,"href":"https:\/\/www.ambienteyenergia.gob.ec\/ambiente\/wp-json\/wp\/v2\/categories?post=22214"},{"taxonomy":"post_tag","embeddable":true,"href":"https:\/\/www.ambienteyenergia.gob.ec\/ambiente\/wp-json\/wp\/v2\/tags?post=22214"}],"curies":[{"name":"wp","href":"https:\/\/api.w.org\/{rel}","templated":true}]}}