{"id":22211,"date":"2014-08-29T11:39:02","date_gmt":"2014-08-29T16:39:02","guid":{"rendered":"http:\/\/www.ambiente.gob.ec\/?p=22211"},"modified":"2014-08-29T11:39:02","modified_gmt":"2014-08-29T16:39:02","slug":"mae-participa-en-el-fortalecimiento-de-capacidades-tecnicas-en-sistemas-de-informacion-y-cambio-climatico","status":"publish","type":"post","link":"https:\/\/www.ambienteyenergia.gob.ec\/ambiente\/mae-participa-en-el-fortalecimiento-de-capacidades-tecnicas-en-sistemas-de-informacion-y-cambio-climatico\/","title":{"rendered":"MAE participa en el fortalecimiento de capacidades t\u00e9cnicas en sistemas de informaci\u00f3n y cambio clim\u00e1tico"},"content":{"rendered":"<p style=\"text-align: justify;\">Con el objetivo de vincular la informaci\u00f3n agrometeorol\u00f3gica con el cambio clim\u00e1tico y la variabilidad clim\u00e1tica, el Ministerio del Ambiente de Ecuador (MAE) en conjunto con el Ministerio de Agricultura, Ganader\u00eda, Acuacultura y Pesca (MAGAP), Instituto Nacional de Metereolog\u00eda e Hidrolog\u00eda (INAMHI) y con el apoyo de la Cooperaci\u00f3n T\u00e9cnica Alemana (GIZ, por sus siglas en alem\u00e1n), realizan hasta hoy el Taller para fortalecimiento de capacidades t\u00e9cnicas en sistemas de informaci\u00f3n y cambio clim\u00e1tico.<\/p>\n<p>Durante la apertura del taller, Alexandra Olivo, Directora Nacional de Adaptaci\u00f3n al Cambio Clim\u00e1tico (DNACC), explic\u00f3 las pol\u00edticas p\u00fablicas que desde el MAE se generan en cuanto a esta tem\u00e1tica y las l\u00edneas de acci\u00f3n que se ejecutan a trav\u00e9s de diferentes proyectos que maneja la DNACC y que est\u00e1n alineados a la Estrategia Nacional de Cambio Clim\u00e1tico.<\/p>\n<p>Insisti\u00f3 adem\u00e1s en la importancia de entender qu\u00e9 es la variabilidad clim\u00e1tica y qu\u00e9 sucede con el impacto del cambio clim\u00e1tico, y la necesidad de identificar una hoja de ruta para continuar con el proceso de fortalecimiento de capacidades en especial con proyectos del Estado como AgroSeguros que atiende a sectores vulnerables como son los productores rurales.<\/p>\n<p>Algunos de los temas que se exponen en esta serie de talleres son: los servicios del INAMHI, sistema de informaci\u00f3n AgroSeguros, Fen\u00f3meno de El Ni\u00f1o, impacto de los eventos extremos en el sector agr\u00edcola, marco institucional y pol\u00edtico del cambio clim\u00e1tico en el Ecuador, Estrategia Nacional de Cambio Clim\u00e1tico, evidencias del cambio clim\u00e1tico en Ecuador, entre otros.<\/p>\n","protected":false},"excerpt":{"rendered":"<p class=\"excerpt\">Con el objetivo de vincular la informaci\u00f3n agrometeorol\u00f3gica con el cambio clim\u00e1tico y la variabilidad clim\u00e1tica, el Ministerio del Ambiente de Ecuador (MAE) en conjunto con el Ministerio de Agricultura, Ganader\u00eda, Acuacultura y Pesca (MAGAP), Instituto Nacional de Metereolog\u00eda e Hidrolog\u00eda (INAMHI) y con el apoyo de la Cooperaci\u00f3n T\u00e9cnica Alemana (GIZ, por sus siglas en alem\u00e1n), realizan hasta hoy&hellip; <a href=\"https:\/\/www.ambienteyenergia.gob.ec\/ambiente\/mae-participa-en-el-fortalecimiento-de-capacidades-tecnicas-en-sistemas-de-informacion-y-cambio-climatico\/\">Read more &rarr;<\/a><\/p>\n","protected":false},"author":13,"featured_media":22212,"comment_status":"open","ping_status":"open","sticky":false,"template":"","format":"standard","meta":{"footnotes":""},"categories":[16,4],"tags":[],"class_list":["post-22211","post","type-post","status-publish","format-standard","has-post-thumbnail","hentry","category-comunicamos","category-noticias","xfolkentry"],"_links":{"self":[{"href":"https:\/\/www.ambienteyenergia.gob.ec\/ambiente\/wp-json\/wp\/v2\/posts\/22211","targetHints":{"allow":["GET"]}}],"collection":[{"href":"https:\/\/www.ambienteyenergia.gob.ec\/ambiente\/wp-json\/wp\/v2\/posts"}],"about":[{"href":"https:\/\/www.ambienteyenergia.gob.ec\/ambiente\/wp-json\/wp\/v2\/types\/post"}],"author":[{"embeddable":true,"href":"https:\/\/www.ambienteyenergia.gob.ec\/ambiente\/wp-json\/wp\/v2\/users\/13"}],"replies":[{"embeddable":true,"href":"https:\/\/www.ambienteyenergia.gob.ec\/ambiente\/wp-json\/wp\/v2\/comments?post=22211"}],"version-history":[{"count":0,"href":"https:\/\/www.ambienteyenergia.gob.ec\/ambiente\/wp-json\/wp\/v2\/posts\/22211\/revisions"}],"wp:featuredmedia":[{"embeddable":true,"href":"https:\/\/www.ambienteyenergia.gob.ec\/ambiente\/wp-json\/wp\/v2\/media\/22212"}],"wp:attachment":[{"href":"https:\/\/www.ambienteyenergia.gob.ec\/ambiente\/wp-json\/wp\/v2\/media?parent=22211"}],"wp:term":[{"taxonomy":"category","embeddable":true,"href":"https:\/\/www.ambienteyenergia.gob.ec\/ambiente\/wp-json\/wp\/v2\/categories?post=22211"},{"taxonomy":"post_tag","embeddable":true,"href":"https:\/\/www.ambienteyenergia.gob.ec\/ambiente\/wp-json\/wp\/v2\/tags?post=22211"}],"curies":[{"name":"wp","href":"https:\/\/api.w.org\/{rel}","templated":true}]}}