{"id":22204,"date":"2014-08-28T23:11:24","date_gmt":"2014-08-29T04:11:24","guid":{"rendered":"http:\/\/www.ambiente.gob.ec\/?p=22204"},"modified":"2014-08-28T23:14:26","modified_gmt":"2014-08-29T04:14:26","slug":"ministra-lorena-tapia-mantuvo-reunion-con-alcalde-de-guayaquil-sobre-estero-salado","status":"publish","type":"post","link":"https:\/\/www.ambienteyenergia.gob.ec\/ambiente\/ministra-lorena-tapia-mantuvo-reunion-con-alcalde-de-guayaquil-sobre-estero-salado\/","title":{"rendered":"Ministra Lorena Tapia mantuvo reuni\u00f3n con Alcalde de Guayaquil sobre Estero Salado"},"content":{"rendered":"<p style=\"text-align: justify;\">La ministra del Ambiente, Lorena Tapia, pidi\u00f3 \u00a0personalmente detalles al alcalde de Guayaquil, Jaime Nebot sobre las acciones del Municipio en el Estero Salado. Esta reuni\u00f3n se llev\u00f3 a cabo por pedido de esta Cartera de Estado por la necesidad \u00a0de aclarar informaci\u00f3n oficial recibida por el Cabildo sobre su responsabilidad en el control de las descargas dom\u00e9sticas de aguas residuales que se generan en el Estero Salado.<\/p>\n<p style=\"text-align: justify;\">En la reuni\u00f3n mantenida con el Alcalde Jaime Nebot, la Ministra Tapia, \u00a0pudo conocer de primera mano el plan de acci\u00f3n que el Municipio tiene planteado para solucionar el problema de las fuentes de contaminaci\u00f3n en el Estero Salado.<\/p>\n<p style=\"text-align: justify;\">\u00abEn funci\u00f3n de la informaci\u00f3n proporcionada acordamos \u00a0que el MAE verificar\u00e1 lo que ha sido ejecutado por parte del Municipio de Guayaquil y fiscalizar\u00e1 las nuevas obras que el Cabildo \u00a0tiene planificadas, esta gesti\u00f3n la hemos realizado en beneficio de Guayaquil y su gente\u00bb, recalc\u00f3 la ministra Tapia.<\/p>\n<p style=\"text-align: justify;\">En ese sentido, se conformar\u00e1 un comit\u00e9 t\u00e9cnico que dar\u00e1 seguimiento a estos compromisos para fortalecer la gesti\u00f3n de esta Cartera de Estado en el lugar.<\/p>\n<p style=\"text-align: justify;\">Durante varios a\u00f1os, el Estero Salado fue un espacio deteriorado, olvidado y con m\u00faltiples conflictos ambientales y sociales. Por esta raz\u00f3n, el Ministerio del Ambiente del Ecuador (MAE), a trav\u00e9s del proyecto Guayaquil Ecol\u00f3gico, trabaja en la descontaminaci\u00f3n de este importante brazo de mar, desde varios frentes como concienciaci\u00f3n y educaci\u00f3n ambiental; gesti\u00f3n de desechos s\u00f3lidos y de aguas residuales; mejoramiento de la calidad del agua y sedimento; limpieza de escombros y palafitos de las riberas; recuperaci\u00f3n de cobertura vegetal; eliminaci\u00f3n de estrangulamiento en el cauce del estero y de sedimentos en sitios espec\u00edficos determinados. El prop\u00f3sito es disminuir las fuentes de contaminaci\u00f3n del Estero Salado, hasta el a\u00f1o 2017.<\/p>\n<p style=\"text-align: justify;\">La problem\u00e1tica ambiental se focaliza en tres aspectos b\u00e1sicos: la generaci\u00f3n de descargas dom\u00e9sticas e industriales, competencia del Municipio, los rellenos habitacionales que existen en los alrededores y finalmente, el mal manejo de los residuos s\u00f3lidos.<\/p>\n<p style=\"text-align: justify;\">Para ello, se ejecutan diversos componentes, a trav\u00e9s de los que se pretende promover una conciencia ecol\u00f3gica especialmente en los habitantes que se encuentran en las riberas y ramales interiores del estero.<\/p>\n<p style=\"text-align: justify;\">Asimismo, se trabaja en la Remediaci\u00f3n Integral de Sedimentos y Agua, actividad en la que se analiza la existencia de elevados niveles de contaminaci\u00f3n, tanto en el agua como en los sedimentos del Estero. Como el resultado de estos estudios -que arrojaron un alto nivel de mercurio en el agua- se realiza una remediaci\u00f3n del medio f\u00edsico, a partir de la fitorremediaci\u00f3n, que es un mecanismo de descontaminaci\u00f3n basado en la capacidad de las plantas y ciertos componentes.<\/p>\n<p style=\"text-align: justify;\">La reubicaci\u00f3n de viviendas es parte trascendental del proyecto, si bien esto no es competencia del MAE, luego de que las riberas est\u00e1n liberadas, esta Cartera de Estado inicia con una jornada de reforestaci\u00f3n. Mediante este proceso se logr\u00f3 recuperar alrededor de 14 hect\u00e1reas, que propiciar\u00e1n la recuperaci\u00f3n del ecosistema.<\/p>\n","protected":false},"excerpt":{"rendered":"<p class=\"excerpt\">La ministra del Ambiente, Lorena Tapia, pidi\u00f3 \u00a0personalmente detalles al alcalde de Guayaquil, Jaime Nebot sobre las acciones del Municipio en el Estero Salado. Esta reuni\u00f3n se llev\u00f3 a cabo por pedido de esta Cartera de Estado por la necesidad \u00a0de aclarar informaci\u00f3n oficial recibida por el Cabildo sobre su responsabilidad en el control de las descargas dom\u00e9sticas de aguas&hellip; <a href=\"https:\/\/www.ambienteyenergia.gob.ec\/ambiente\/ministra-lorena-tapia-mantuvo-reunion-con-alcalde-de-guayaquil-sobre-estero-salado\/\">Read more &rarr;<\/a><\/p>\n","protected":false},"author":13,"featured_media":22205,"comment_status":"open","ping_status":"open","sticky":false,"template":"","format":"standard","meta":{"footnotes":""},"categories":[16,4],"tags":[76,108,53],"class_list":["post-22204","post","type-post","status-publish","format-standard","has-post-thumbnail","hentry","category-comunicamos","category-noticias","tag-estero-salado","tag-lorena-tapia","tag-mae","xfolkentry"],"_links":{"self":[{"href":"https:\/\/www.ambienteyenergia.gob.ec\/ambiente\/wp-json\/wp\/v2\/posts\/22204","targetHints":{"allow":["GET"]}}],"collection":[{"href":"https:\/\/www.ambienteyenergia.gob.ec\/ambiente\/wp-json\/wp\/v2\/posts"}],"about":[{"href":"https:\/\/www.ambienteyenergia.gob.ec\/ambiente\/wp-json\/wp\/v2\/types\/post"}],"author":[{"embeddable":true,"href":"https:\/\/www.ambienteyenergia.gob.ec\/ambiente\/wp-json\/wp\/v2\/users\/13"}],"replies":[{"embeddable":true,"href":"https:\/\/www.ambienteyenergia.gob.ec\/ambiente\/wp-json\/wp\/v2\/comments?post=22204"}],"version-history":[{"count":0,"href":"https:\/\/www.ambienteyenergia.gob.ec\/ambiente\/wp-json\/wp\/v2\/posts\/22204\/revisions"}],"wp:featuredmedia":[{"embeddable":true,"href":"https:\/\/www.ambienteyenergia.gob.ec\/ambiente\/wp-json\/wp\/v2\/media\/22205"}],"wp:attachment":[{"href":"https:\/\/www.ambienteyenergia.gob.ec\/ambiente\/wp-json\/wp\/v2\/media?parent=22204"}],"wp:term":[{"taxonomy":"category","embeddable":true,"href":"https:\/\/www.ambienteyenergia.gob.ec\/ambiente\/wp-json\/wp\/v2\/categories?post=22204"},{"taxonomy":"post_tag","embeddable":true,"href":"https:\/\/www.ambienteyenergia.gob.ec\/ambiente\/wp-json\/wp\/v2\/tags?post=22204"}],"curies":[{"name":"wp","href":"https:\/\/api.w.org\/{rel}","templated":true}]}}