{"id":22200,"date":"2014-08-28T22:03:24","date_gmt":"2014-08-29T03:03:24","guid":{"rendered":"http:\/\/www.ambiente.gob.ec\/?p=22200"},"modified":"2014-08-28T22:08:12","modified_gmt":"2014-08-29T03:08:12","slug":"ministra-tapia-presento-alianza-estrategica-con-almacenes-tia","status":"publish","type":"post","link":"https:\/\/www.ambienteyenergia.gob.ec\/ambiente\/ministra-tapia-presento-alianza-estrategica-con-almacenes-tia\/","title":{"rendered":"Ministra Tapia present\u00f3 alianza estrat\u00e9gica con almacenes T\u00eda"},"content":{"rendered":"<p>La Ministra del Ambiente, Lorena Tapia, present\u00f3 hoy la alianza estrat\u00e9gica con Almacenes T\u00eda para impulsar la Campa\u00f1a \u201cMenos fundas, m\u00e1s vida\u201d, que busca reducir el uso de fundas pl\u00e1sticas por el uso de bolsos reutilizables.<\/p>\n<p>En su intervenci\u00f3n, la Ministra Tapia felicit\u00f3 a los directivos y colaboradores de Almacenes T\u00eda por la iniciativa que busca generar una conducta positiva en el consumidor, con acciones concretas que aportan a tener un Ecuador m\u00e1s verde, pero tambi\u00e9n inst\u00f3 a sus clientes a apoyar esta importante causa de responsabilidad social.<\/p>\n<p>Leonardo Pesantes, Director de Asuntos Corporativos de Almacenes T\u00eda, expres\u00f3 el inter\u00e9s de la cadena en contribuir en el cuidado del medio ambiente, convirti\u00e9ndose en puntos estrat\u00e9gicos para concienciar a la ciudadan\u00eda en los efectos contaminantes del pl\u00e1stico que principalmente afecta a las especies marinas.<\/p>\n<p>\u201cPara lograr este objetivo, nuestros colaboradores tambi\u00e9n van a participar en esta actividad y van a motivar a los clientes en el reuso de las fundas y de los bolsos reutilizables (\u2026) cambiando h\u00e1bitos y costumbres de nuestros clientes\u201d, destac\u00f3 Pesantes.<\/p>\n<p>La Secretaria de Estado destac\u00f3 que este tipo de iniciativas buscan un cambio progresivo en la poblaci\u00f3n ecuatoriana, para que poco a poco disminuya el uso innecesario de fundas pl\u00e1sticas, siendo lo q se espera en este supermercado que tiene una alta visitaci\u00f3n de usuarios.<\/p>\n<p>\u201cEste cambio es necesario y seremos una vez m\u00e1s el ejemplo entre los pa\u00edses vecinos y de la regi\u00f3n\u201d, exalt\u00f3 Tapia, quien tambi\u00e9n invit\u00f3 a otras cadenas de supermercados a sumarse a esta buena acci\u00f3n en pro del ambiente.<\/p>\n<p><strong>El dato<\/strong><\/p>\n<p>Seg\u00fan datos del Programa Nacional de Gesti\u00f3n Integral de Desecha S\u00f3lidos del ministerio del Ambiente, ha analizado los tipos de fundas, la disponibilidad, los procesos de producci\u00f3n y los vol\u00famenes, los ciclos de vida y las diferentes caracter\u00edsticas del consumidor, demostrando que el 8% de las fundas pl\u00e1sticas tipo camiseta consumidas en el pa\u00eds se distribuyen en los supermercados, lo que corresponde aproximadamente a 128\u00b4000.000 de fundas.<\/p>\n<p>En el Ecuador, una persona promedio consume 253 fundas pl\u00e1sticas tipo camiseta por a\u00f1o, lo que es una problem\u00e1tica que ocasiona un desequilibrio en el ecosistema.<\/p>\n<p>Un ecuatoriano usa en promedio 5 fundas pl\u00e1sticas cada semana. En el Ecuador se utilizan anualmente 1.500 millones de fundas pl\u00e1sticas para transportar compras.<\/p>\n<p>Cerca de 100.000 animales marinos mueren cada a\u00f1o por culpa de las bolsas de pl\u00e1stico, entre ellos se encuentran animales tan emblem\u00e1ticos como tortugas, ballenas y delfines.<\/p>\n<p>En cada kil\u00f3metro cuadrado del oc\u00e9ano, hay m\u00e1s de 46.000 bolsas pl\u00e1sticas, las que tardan en descomponerse entre 400 y 1.000 a\u00f1os, pero sus residuos qu\u00edmicos pueden durar bastante m\u00e1s tiempo.<\/p>\n","protected":false},"excerpt":{"rendered":"<p class=\"excerpt\">La Ministra del Ambiente, Lorena Tapia, present\u00f3 hoy la alianza estrat\u00e9gica con Almacenes T\u00eda para impulsar la Campa\u00f1a \u201cMenos fundas, m\u00e1s vida\u201d, que busca reducir el uso de fundas pl\u00e1sticas por el uso de bolsos reutilizables. En su intervenci\u00f3n, la Ministra Tapia felicit\u00f3 a los directivos y colaboradores de Almacenes T\u00eda por la iniciativa que busca generar una conducta positiva&hellip; <a href=\"https:\/\/www.ambienteyenergia.gob.ec\/ambiente\/ministra-tapia-presento-alianza-estrategica-con-almacenes-tia\/\">Read more &rarr;<\/a><\/p>\n","protected":false},"author":13,"featured_media":22201,"comment_status":"open","ping_status":"open","sticky":false,"template":"","format":"standard","meta":{"footnotes":""},"categories":[16,4],"tags":[108,53],"class_list":["post-22200","post","type-post","status-publish","format-standard","has-post-thumbnail","hentry","category-comunicamos","category-noticias","tag-lorena-tapia","tag-mae","xfolkentry"],"_links":{"self":[{"href":"https:\/\/www.ambienteyenergia.gob.ec\/ambiente\/wp-json\/wp\/v2\/posts\/22200","targetHints":{"allow":["GET"]}}],"collection":[{"href":"https:\/\/www.ambienteyenergia.gob.ec\/ambiente\/wp-json\/wp\/v2\/posts"}],"about":[{"href":"https:\/\/www.ambienteyenergia.gob.ec\/ambiente\/wp-json\/wp\/v2\/types\/post"}],"author":[{"embeddable":true,"href":"https:\/\/www.ambienteyenergia.gob.ec\/ambiente\/wp-json\/wp\/v2\/users\/13"}],"replies":[{"embeddable":true,"href":"https:\/\/www.ambienteyenergia.gob.ec\/ambiente\/wp-json\/wp\/v2\/comments?post=22200"}],"version-history":[{"count":0,"href":"https:\/\/www.ambienteyenergia.gob.ec\/ambiente\/wp-json\/wp\/v2\/posts\/22200\/revisions"}],"wp:featuredmedia":[{"embeddable":true,"href":"https:\/\/www.ambienteyenergia.gob.ec\/ambiente\/wp-json\/wp\/v2\/media\/22201"}],"wp:attachment":[{"href":"https:\/\/www.ambienteyenergia.gob.ec\/ambiente\/wp-json\/wp\/v2\/media?parent=22200"}],"wp:term":[{"taxonomy":"category","embeddable":true,"href":"https:\/\/www.ambienteyenergia.gob.ec\/ambiente\/wp-json\/wp\/v2\/categories?post=22200"},{"taxonomy":"post_tag","embeddable":true,"href":"https:\/\/www.ambienteyenergia.gob.ec\/ambiente\/wp-json\/wp\/v2\/tags?post=22200"}],"curies":[{"name":"wp","href":"https:\/\/api.w.org\/{rel}","templated":true}]}}