{"id":22196,"date":"2014-08-28T16:39:02","date_gmt":"2014-08-28T21:39:02","guid":{"rendered":"http:\/\/www.ambiente.gob.ec\/?p=22196"},"modified":"2014-08-28T16:39:02","modified_gmt":"2014-08-28T21:39:02","slug":"mae-chimborazo-rescata-y-libera-un-guacharo-en-rio-negro","status":"publish","type":"post","link":"https:\/\/www.ambienteyenergia.gob.ec\/ambiente\/mae-chimborazo-rescata-y-libera-un-guacharo-en-rio-negro\/","title":{"rendered":"MAE Chimborazo rescata y libera un gu\u00e1charo en R\u00edo Negro"},"content":{"rendered":"<p align=\"JUSTIFY\"><span style=\"font-family: Arial, serif;\">G<\/span><span style=\"font-family: Arial, serif;\">racias a la ciudadan\u00eda riobambe\u00f1a, el Ministerio del Ambiente <\/span><span style=\"font-family: Arial, serif;\">de Ecuador <\/span><span style=\"font-family: Arial, serif;\">(MAE) a trav\u00e9s de la Direcci\u00f3n Provincial de Chimborazo, rescat\u00f3 un esp\u00e9cimen de vida silvestre con el apoyo de la Empresa El\u00e9ctrica de Riobamba (ERSSA).<\/span><\/p>\n<p align=\"JUSTIFY\"><span style=\"font-family: Arial, serif;\">Una llamada telef\u00f3nica inform\u00f3, <\/span><span style=\"font-family: Arial, serif;\">la semana pasada,<\/span><span style=\"font-family: Arial, serif;\">que un animal desconocido se encontraba sobre las ramas de un \u00e1rbol del Parque Sucre, ubicado en el centro de la ciudad. Al identificar el esp\u00e9cimen se determin\u00f3 que se trataba de un gu\u00e1charo joven (<\/span><span style=\"font-family: Arial, serif;\"><span style=\"font-size: small;\"><i>Steatornis caripensis<\/i><\/span><\/span><span style=\"font-family: Arial, serif;\">) y no de un halc\u00f3n o un gavil\u00e1n, como se <\/span><span style=\"font-family: Arial, serif;\">supon\u00eda<\/span><span style=\"font-family: Arial, serif;\">.<\/span><\/p>\n<p align=\"JUSTIFY\"><span style=\"font-family: Arial, serif;\">El gu\u00e1charo, es un ave nocturna que habita y duerme <\/span><span style=\"font-family: Arial, serif;\">durante el<\/span><span style=\"font-family: Arial, serif;\"> d\u00eda en cavernas o quebradas, vuela grandes distancias y est\u00e1 propenso a divagar <\/span><span style=\"font-family: Arial, serif;\">cuando no encuentra un lugar adecuado para pernoctar<\/span><span style=\"font-family: Arial, serif;\">, por ello se presume que el polluelo busc<\/span><span style=\"font-family: Arial, serif;\">\u00f3<\/span><span style=\"font-family: Arial, serif;\"> un lugar pr\u00f3ximo para su refugio.<\/span><\/p>\n<p align=\"JUSTIFY\"><span style=\"font-family: Arial, serif;\">Una vez concluido e<\/span><span style=\"font-family: Arial, serif;\">l rescate con la ayuda de <\/span><span style=\"font-family: Arial, serif;\">un<\/span><span style=\"font-family: Arial, serif;\"> brazo hidr\u00e1ulico y canastilla del veh\u00edculo de la <\/span><span style=\"font-family: Arial, serif;\">EERSA,<\/span><span style=\"font-family: Arial, serif;\"> funcionarios del <\/span><span style=\"font-family: Arial, serif;\">esta Secretar\u00eda de Estado<\/span><span style=\"font-family: Arial, serif;\"> trasladaron a <\/span><span style=\"font-family: Arial, serif;\">este esp\u00e9cimen de vida silvestre<\/span><span style=\"font-family: Arial, serif;\"> al Ecozool\u00f3gico San Mart\u00edn, ubicado en el cant\u00f3n Ba\u00f1os, <\/span><span style=\"font-family: Arial, serif;\">p<\/span><span style=\"font-family: Arial, serif;\">rovincia de Tungurahua para evaluar su estado de salud.<\/span><\/p>\n<p align=\"JUSTIFY\"><span style=\"font-family: Arial, serif;\">El veterinario inform\u00f3 que el gu\u00e1charo ten\u00eda un golpe en el ala y determin\u00f3 que luego de tres d\u00edas estar\u00eda lista para ser liberada. \u201cEste tipo de aves son de metabolismo r\u00e1pido, se alimentan de bayas y frutos provenientes de palmeras, y si no son introducidas de inmediato a su h\u00e1bitat, corren el peligro de fallecer\u201d, dijo Orlando Vega veterinario del Ecozool\u00f3gico San Mart\u00edn.<\/span><\/p>\n<p align=\"JUSTIFY\"><span style=\"font-family: Arial, serif;\">Una vez transcurrido el tiempo para su recuperaci\u00f3n, el t\u00e9cnico<\/span><span style=\"font-family: Arial, serif;\">s del MAE junto a veterinarios<\/span><span style=\"font-family: Arial, serif;\"> del Ecozool\u00f3gico <\/span><span style=\"font-family: Arial, serif;\">procedieron a <\/span><span style=\"font-family: Arial, serif;\">traslad<\/span><span style=\"font-family: Arial, serif;\">ar<\/span><span style=\"font-family: Arial, serif;\"> al gu\u00e1charo en horas de la tarde a un sector de la parroquia R\u00edo Negro, ubicado en el cant\u00f3n <\/span><span style=\"font-family: Arial, serif;\">B<\/span><span style=\"font-family: Arial, serif;\">a\u00f1os, provincia de Tungurahua, lugar con bosque subtropical y fuente de agua id\u00f3neo para que el esp\u00e9cimen se pueda orientar.<\/span>Al finalizar la jornada de liberaci\u00f3n, se observo que el esp\u00e9cimen alz\u00f3 vuelo sin dificultad para luego descansar en la copa de un \u00e1rbol.<\/p>\n","protected":false},"excerpt":{"rendered":"<p class=\"excerpt\">Gracias a la ciudadan\u00eda riobambe\u00f1a, el Ministerio del Ambiente de Ecuador (MAE) a trav\u00e9s de la Direcci\u00f3n Provincial de Chimborazo, rescat\u00f3 un esp\u00e9cimen de vida silvestre con el apoyo de la Empresa El\u00e9ctrica de Riobamba (ERSSA). Una llamada telef\u00f3nica inform\u00f3, la semana pasada,que un animal desconocido se encontraba sobre las ramas de un \u00e1rbol del Parque Sucre, ubicado en el&hellip; <a href=\"https:\/\/www.ambienteyenergia.gob.ec\/ambiente\/mae-chimborazo-rescata-y-libera-un-guacharo-en-rio-negro\/\">Read more &rarr;<\/a><\/p>\n","protected":false},"author":13,"featured_media":22198,"comment_status":"open","ping_status":"open","sticky":false,"template":"","format":"standard","meta":{"footnotes":""},"categories":[16,4],"tags":[387],"class_list":["post-22196","post","type-post","status-publish","format-standard","has-post-thumbnail","hentry","category-comunicamos","category-noticias","tag-mae-lorena-tapia","xfolkentry"],"_links":{"self":[{"href":"https:\/\/www.ambienteyenergia.gob.ec\/ambiente\/wp-json\/wp\/v2\/posts\/22196","targetHints":{"allow":["GET"]}}],"collection":[{"href":"https:\/\/www.ambienteyenergia.gob.ec\/ambiente\/wp-json\/wp\/v2\/posts"}],"about":[{"href":"https:\/\/www.ambienteyenergia.gob.ec\/ambiente\/wp-json\/wp\/v2\/types\/post"}],"author":[{"embeddable":true,"href":"https:\/\/www.ambienteyenergia.gob.ec\/ambiente\/wp-json\/wp\/v2\/users\/13"}],"replies":[{"embeddable":true,"href":"https:\/\/www.ambienteyenergia.gob.ec\/ambiente\/wp-json\/wp\/v2\/comments?post=22196"}],"version-history":[{"count":0,"href":"https:\/\/www.ambienteyenergia.gob.ec\/ambiente\/wp-json\/wp\/v2\/posts\/22196\/revisions"}],"wp:featuredmedia":[{"embeddable":true,"href":"https:\/\/www.ambienteyenergia.gob.ec\/ambiente\/wp-json\/wp\/v2\/media\/22198"}],"wp:attachment":[{"href":"https:\/\/www.ambienteyenergia.gob.ec\/ambiente\/wp-json\/wp\/v2\/media?parent=22196"}],"wp:term":[{"taxonomy":"category","embeddable":true,"href":"https:\/\/www.ambienteyenergia.gob.ec\/ambiente\/wp-json\/wp\/v2\/categories?post=22196"},{"taxonomy":"post_tag","embeddable":true,"href":"https:\/\/www.ambienteyenergia.gob.ec\/ambiente\/wp-json\/wp\/v2\/tags?post=22196"}],"curies":[{"name":"wp","href":"https:\/\/api.w.org\/{rel}","templated":true}]}}