{"id":22192,"date":"2014-08-28T14:00:49","date_gmt":"2014-08-28T19:00:49","guid":{"rendered":"http:\/\/www.ambiente.gob.ec\/?p=22192"},"modified":"2014-08-28T15:48:31","modified_gmt":"2014-08-28T20:48:31","slug":"el-mae-socializa-lineamientos-de-cambio-climatico-en-territorio-2","status":"publish","type":"post","link":"https:\/\/www.ambienteyenergia.gob.ec\/ambiente\/el-mae-socializa-lineamientos-de-cambio-climatico-en-territorio-2\/","title":{"rendered":"El MAE socializa lineamientos de Cambio Clim\u00e1tico en territorio"},"content":{"rendered":"<p align=\"JUSTIFY\"><span style=\"color: #000000;\">El Ministerio del Ambiente <\/span><span style=\"color: #000000;\">de Ecuador <\/span><span style=\"color: #000000;\">(MAE), a trav\u00e9s de la Subsecretar\u00eda de Cambio Clim\u00e1tico y el proyecto PACC, el cual se <\/span><span style=\"color: #000000;\">desarrolla<\/span><span style=\"color: #000000;\"> en conjunto con el Programa de Naciones Unidas para el Desarrollo (PNUD), organiz\u00f3 el evento de <\/span><span style=\"color: #000000;\">l<\/span><span style=\"color: #000000;\">anzamiento de los<\/span><span style=\"color: #000000;\"> \u201c<\/span><span style=\"color: #000000;\">Lineamientos Generales de Planes, Programas y Estrategias de Cambio Clim\u00e1tico de Gobiernos Aut\u00f3nomos Descentralizados\u201d,<\/span><span style=\"color: #000000;\"> en la ciudad de Guayaquil.<\/span><\/p>\n<p align=\"JUSTIFY\"><span style=\"color: #000000;\">El acto<\/span><span style=\"color: #000000;\"> cont\u00f3 con la presencia de la Ministra del Ambiente, Lorena Tapia, y las autoridades de Gobiernos Aut\u00f3nomos Descentralizados (GAD) de orden provincial, cantonal y parroquial, as\u00ed como representantes de Organismos No Gubernamentales (ONG) involucrados en la tem\u00e1tica.<\/span><\/p>\n<p align=\"JUSTIFY\"><span style=\"color: #000000;\">El encuentro, tuvo la finalidad de presentar de manera oficial la Gu\u00eda Explicativa y socializar los lineamientos que pretenden apoyar a los GAD en la formulaci\u00f3n conjunta de propuestas para lograr una efectiva inserci\u00f3n del cambio clim\u00e1tico en la planificaci\u00f3n territorial. <\/span><\/p>\n<p align=\"JUSTIFY\"><span style=\"font-family: Cambria, serif;\">En su intervenci\u00f3n la M\u00e1xima Autoridad Ambiental <\/span><span style=\"font-family: Cambria, serif;\">resalt\u00f3 la importancia de llevar adelante un trabajo conjunto y articulado. <\/span><span style=\"font-family: Cambria, serif;\">\u201cEl cambio clim\u00e1tico es un problema que no puede ser resuelto ni abordado si todos los actores no se empoderan de la tem\u00e1tica. Queridos y queridas representantes de gobiernos provinciales, cantonales y municipales hoy estoy m\u00e1s convencida que nunca de la importancia de articular nuestra gesti\u00f3n para hacer frente al reto com\u00fan que constituye el cambio clim\u00e1tico\u201d, <\/span><span style=\"font-family: Cambria, serif;\">enfatiz\u00f3 Tapia.<\/span><\/p>\n<p align=\"JUSTIFY\"><span style=\"color: #000000;\">La forma en que cada gobierno local se prepara para enfrentar el cambio clim\u00e1tico var\u00eda de acuerdo al tipo de amenazas clim\u00e1ticas que enfrenta el territorio, de las vulnerabilidades de sus sistemas humanos y naturales, y de sus prioridades de desarrollo local.<\/span><span style=\"color: #000000;\">Por ese motivo, la intenci\u00f3n final es que cada G<\/span><span style=\"color: #000000;\">AD<\/span><span style=\"color: #000000;\"> cuente con su propio Plan de Cambio Clim\u00e1tico. <\/span><\/p>\n<p align=\"JUSTIFY\"><span style=\"color: #000000;\">La Gu\u00eda Explicativa se publica en un momento crucial, debido a que los Gobiernos <\/span><span style=\"color: #000000;\">Locales<\/span><span style=\"color: #000000;\"> se encuentran en etapa de actualizaci\u00f3n de sus Planes de Desarrollo y Ordenamiento Territorial (PDOT) con las direct<\/span><span style=\"color: #000000;\">rices<\/span><span style=\"color: #000000;\"> emitidas por la Secretar\u00eda Nacional de Planificaci\u00f3n y Desarrollo (SENPLADES) en el pasado mes de junio. <\/span><\/p>\n<p align=\"JUSTIFY\"><span style=\"color: #000000;\">En la actualidad<\/span><span style=\"color: #000000;\"> los gobiernos provinciales de Guayas y Pichincha ya cuentan con sus Planes de Cambio Clim\u00e1tico aprobados por e<\/span><span style=\"color: #000000;\">sta Cartera de Estado<\/span><span style=\"color: #000000;\">. Adicionalmente, se ha avanzado en la elaboraci\u00f3n de propuestas de algunos GAD de la sierra centro del pa\u00eds, y en los pr\u00f3ximos a\u00f1os se espera que se sigan sumando m\u00e1s gobiernos a esta iniciativa. <\/span><\/p>\n<p align=\"JUSTIFY\"><span style=\"color: #000000;\">Fue a partir de las iniciativas de adaptaci\u00f3n ya implementadas bajo el liderazgo del M<\/span><span style=\"color: #000000;\">AE,<\/span><span style=\"color: #000000;\"> en conjunto con agencias de cooperaci\u00f3n, que se evidenci\u00f3 la necesidad de replicar la formulaci\u00f3n de planes de cambio clim\u00e1tico a nivel territorial. El Acuerdo Ministerial N<\/span><span style=\"color: #000000;\">\u00b0<\/span><span style=\"color: #000000;\"> 137, publicado el pasado mes de mayo, estableci\u00f3 los lineamientos generales que los Gobiernos Aut\u00f3nomos Descentralizados podr\u00e1n adoptar de manera voluntaria para la elaboraci\u00f3n de planes, programas y estrategias de cambio clim\u00e1tico alineadas a su planificaci\u00f3n territorial.<\/span><\/p>\n<p align=\"JUSTIFY\"><span style=\"color: #000000;\">El lanzamiento de la Gu\u00eda Explicativa es un hito trascendental <\/span><span style=\"color: #000000;\">debido a que<\/span><span style=\"color: #000000;\"> este acontecimiento institucionaliza el car\u00e1cter transversal y multidisciplinario de la acci\u00f3n que impulsa e<\/span><span style=\"color: #000000;\">sta Secretar\u00eda Ambiental<\/span><span style=\"color: #000000;\"> contra el cambio clim\u00e1tico en la gesti\u00f3n local. <\/span><\/p>\n<p align=\"JUSTIFY\"><span style=\"color: #000000;\">Con la socializaci\u00f3n de los lineamientos a gobiernos locales, se fomenta el fortalecimiento de capacidades para la adopci\u00f3n de medidas de mayor alcance a nivel territorial que se reflejar\u00e1n en un impacto a\u00fan mayor de la gesti\u00f3n del Ecuador en el combate del cambio clim\u00e1tico. <\/span><\/p>\n<p align=\"JUSTIFY\"><span style=\"color: #000000;\">A trav\u00e9s de este mecanismo <\/span><span style=\"color: #000000;\">el Ecuador<\/span><span style=\"color: #000000;\"> se posiciona como un pa\u00eds innovador y creativo frente a las soluciones que se plantean para combatir el cambio clim\u00e1tico a nivel mundial.\u00a0<\/span><\/p>\n","protected":false},"excerpt":{"rendered":"<p class=\"excerpt\">El Ministerio del Ambiente de Ecuador (MAE), a trav\u00e9s de la Subsecretar\u00eda de Cambio Clim\u00e1tico y el proyecto PACC, el cual se desarrolla en conjunto con el Programa de Naciones Unidas para el Desarrollo (PNUD), organiz\u00f3 el evento de lanzamiento de los \u201cLineamientos Generales de Planes, Programas y Estrategias de Cambio Clim\u00e1tico de Gobiernos Aut\u00f3nomos Descentralizados\u201d, en la ciudad de&hellip; <a href=\"https:\/\/www.ambienteyenergia.gob.ec\/ambiente\/el-mae-socializa-lineamientos-de-cambio-climatico-en-territorio-2\/\">Read more &rarr;<\/a><\/p>\n","protected":false},"author":13,"featured_media":22193,"comment_status":"open","ping_status":"open","sticky":false,"template":"","format":"standard","meta":{"footnotes":""},"categories":[16,4],"tags":[387],"class_list":["post-22192","post","type-post","status-publish","format-standard","has-post-thumbnail","hentry","category-comunicamos","category-noticias","tag-mae-lorena-tapia","xfolkentry"],"_links":{"self":[{"href":"https:\/\/www.ambienteyenergia.gob.ec\/ambiente\/wp-json\/wp\/v2\/posts\/22192","targetHints":{"allow":["GET"]}}],"collection":[{"href":"https:\/\/www.ambienteyenergia.gob.ec\/ambiente\/wp-json\/wp\/v2\/posts"}],"about":[{"href":"https:\/\/www.ambienteyenergia.gob.ec\/ambiente\/wp-json\/wp\/v2\/types\/post"}],"author":[{"embeddable":true,"href":"https:\/\/www.ambienteyenergia.gob.ec\/ambiente\/wp-json\/wp\/v2\/users\/13"}],"replies":[{"embeddable":true,"href":"https:\/\/www.ambienteyenergia.gob.ec\/ambiente\/wp-json\/wp\/v2\/comments?post=22192"}],"version-history":[{"count":0,"href":"https:\/\/www.ambienteyenergia.gob.ec\/ambiente\/wp-json\/wp\/v2\/posts\/22192\/revisions"}],"wp:featuredmedia":[{"embeddable":true,"href":"https:\/\/www.ambienteyenergia.gob.ec\/ambiente\/wp-json\/wp\/v2\/media\/22193"}],"wp:attachment":[{"href":"https:\/\/www.ambienteyenergia.gob.ec\/ambiente\/wp-json\/wp\/v2\/media?parent=22192"}],"wp:term":[{"taxonomy":"category","embeddable":true,"href":"https:\/\/www.ambienteyenergia.gob.ec\/ambiente\/wp-json\/wp\/v2\/categories?post=22192"},{"taxonomy":"post_tag","embeddable":true,"href":"https:\/\/www.ambienteyenergia.gob.ec\/ambiente\/wp-json\/wp\/v2\/tags?post=22192"}],"curies":[{"name":"wp","href":"https:\/\/api.w.org\/{rel}","templated":true}]}}