{"id":22186,"date":"2014-08-27T18:58:35","date_gmt":"2014-08-27T23:58:35","guid":{"rendered":"http:\/\/www.ambiente.gob.ec\/?p=22186"},"modified":"2014-08-28T08:01:23","modified_gmt":"2014-08-28T13:01:23","slug":"ministra-lorena-tapia-entrego-reconocimiento-por-investigacion-ambiental","status":"publish","type":"post","link":"https:\/\/www.ambienteyenergia.gob.ec\/ambiente\/ministra-lorena-tapia-entrego-reconocimiento-por-investigacion-ambiental\/","title":{"rendered":"Ministra Lorena Tapia entreg\u00f3 reconocimiento por investigaci\u00f3n ambiental"},"content":{"rendered":"<p style=\"text-align: justify;\">La Ministra del Ambiente, Lorena Tapia, entreg\u00f3 hoy un galard\u00f3n por investigaci\u00f3n ambiental a Paul Arellano, ecuatoriano que cursa estudios de doctorado en Inglaterra y particip\u00f3 en el concurso Galard\u00f3n 2014 de la Secretar\u00eda Nacional de Educaci\u00f3n Superior, Ciencia, Tecnolog\u00eda e Innovaci\u00f3n (Senescyt).<\/p>\n<p style=\"text-align: justify;\">Durante el acto que se desarroll\u00f3 en la plataforma del Museo Antropol\u00f3gico y de Arte Contempor\u00e1neo (MAAC) Libertador Sim\u00f3n Bol\u00edvar de Guayaquil, la Ministra destac\u00f3 la importancia de invertir en la investigaci\u00f3n porque genera conocimiento y apoya a la iniciativa del cuidado ambiental.<\/p>\n<p style=\"text-align: justify;\">Arellano, quien envi\u00f3 su agradecimiento v\u00eda Skype, enfoc\u00f3 su art\u00edculo en la categor\u00eda de Contaminaci\u00f3n ambiental debido a las actividades petroleras de la compa\u00f1\u00eda Chevron (Texaco), el que se denomin\u00f3 \u201cEfectos de la Contaminaci\u00f3n por Petroecuador y Detecci\u00f3n de \u00c1reas Contaminadas mediante Im\u00e1genes Satelitales Hiperpectrales\u201d.<\/p>\n<p style=\"text-align: justify;\">\u201cQuiero invitar a todos los estudiantes a pensar en nuevas ideas para dar un giro al camino que se est\u00e1 trazando la sociedad y para ello el componente de educaci\u00f3n ambiental, el cambio de conductas es fundamental y debemos incentivar ese cambio en la hoja de ruta, desde la academia. Es preciso porque desde ah\u00ed provienen las innovaciones\u201d, exalt\u00f3 la Secretaria de Estado.<\/p>\n<p style=\"text-align: justify;\">La Ministra Tapia destac\u00f3 el aporte del Gobierno Nacional al no escatimar esfuerzos para fortalecer el nivel acad\u00e9mico, siendo esto una acci\u00f3n trascendental para cambiar la matriz productiva del pa\u00eds y su mega diversidad.<\/p>\n<p style=\"text-align: justify;\">Asimismo, resalt\u00f3 el aporte del Ministerio del Ambiente en la creaci\u00f3n del Instituto Nacional de Biodiversidad para generar conocimiento e investigaci\u00f3n y la pr\u00f3xima firmar los primeros convenios de acceso a recursos gen\u00e9ricos para fortalecer esta capacidad que tenemos en el Ecuador de innovar en la ciencia y tecnolog\u00eda.<\/p>\n","protected":false},"excerpt":{"rendered":"<p class=\"excerpt\">La Ministra del Ambiente, Lorena Tapia, entreg\u00f3 hoy un galard\u00f3n por investigaci\u00f3n ambiental a Paul Arellano, ecuatoriano que cursa estudios de doctorado en Inglaterra y particip\u00f3 en el concurso Galard\u00f3n 2014 de la Secretar\u00eda Nacional de Educaci\u00f3n Superior, Ciencia, Tecnolog\u00eda e Innovaci\u00f3n (Senescyt). Durante el acto que se desarroll\u00f3 en la plataforma del Museo Antropol\u00f3gico y de Arte Contempor\u00e1neo (MAAC)&hellip; <a href=\"https:\/\/www.ambienteyenergia.gob.ec\/ambiente\/ministra-lorena-tapia-entrego-reconocimiento-por-investigacion-ambiental\/\">Read more &rarr;<\/a><\/p>\n","protected":false},"author":13,"featured_media":22189,"comment_status":"open","ping_status":"open","sticky":false,"template":"","format":"standard","meta":{"footnotes":""},"categories":[16,4],"tags":[],"class_list":["post-22186","post","type-post","status-publish","format-standard","has-post-thumbnail","hentry","category-comunicamos","category-noticias","xfolkentry"],"_links":{"self":[{"href":"https:\/\/www.ambienteyenergia.gob.ec\/ambiente\/wp-json\/wp\/v2\/posts\/22186","targetHints":{"allow":["GET"]}}],"collection":[{"href":"https:\/\/www.ambienteyenergia.gob.ec\/ambiente\/wp-json\/wp\/v2\/posts"}],"about":[{"href":"https:\/\/www.ambienteyenergia.gob.ec\/ambiente\/wp-json\/wp\/v2\/types\/post"}],"author":[{"embeddable":true,"href":"https:\/\/www.ambienteyenergia.gob.ec\/ambiente\/wp-json\/wp\/v2\/users\/13"}],"replies":[{"embeddable":true,"href":"https:\/\/www.ambienteyenergia.gob.ec\/ambiente\/wp-json\/wp\/v2\/comments?post=22186"}],"version-history":[{"count":0,"href":"https:\/\/www.ambienteyenergia.gob.ec\/ambiente\/wp-json\/wp\/v2\/posts\/22186\/revisions"}],"wp:featuredmedia":[{"embeddable":true,"href":"https:\/\/www.ambienteyenergia.gob.ec\/ambiente\/wp-json\/wp\/v2\/media\/22189"}],"wp:attachment":[{"href":"https:\/\/www.ambienteyenergia.gob.ec\/ambiente\/wp-json\/wp\/v2\/media?parent=22186"}],"wp:term":[{"taxonomy":"category","embeddable":true,"href":"https:\/\/www.ambienteyenergia.gob.ec\/ambiente\/wp-json\/wp\/v2\/categories?post=22186"},{"taxonomy":"post_tag","embeddable":true,"href":"https:\/\/www.ambienteyenergia.gob.ec\/ambiente\/wp-json\/wp\/v2\/tags?post=22186"}],"curies":[{"name":"wp","href":"https:\/\/api.w.org\/{rel}","templated":true}]}}