{"id":22182,"date":"2014-08-27T08:35:30","date_gmt":"2014-08-27T13:35:30","guid":{"rendered":"http:\/\/www.ambiente.gob.ec\/?p=22182"},"modified":"2014-08-27T10:28:08","modified_gmt":"2014-08-27T15:28:08","slug":"en-septiembre-de-abre-la-pesqueria-de-langosta-en-galapagos-desde-el-08-de-septiembre-hasta-el-8-de-enero-del-proximo-ano-los-pescadores-artesanales-de-galapagos-podran-pescar-langosta-roja-panuli","status":"publish","type":"post","link":"https:\/\/www.ambienteyenergia.gob.ec\/ambiente\/en-septiembre-de-abre-la-pesqueria-de-langosta-en-galapagos-desde-el-08-de-septiembre-hasta-el-8-de-enero-del-proximo-ano-los-pescadores-artesanales-de-galapagos-podran-pescar-langosta-roja-panuli\/","title":{"rendered":"En septiembre de abre la pesquer\u00eda de langosta en Gal\u00e1pagos"},"content":{"rendered":"<p style=\"text-align: justify;\">Desde el 08 de septiembre, hasta el 8 de enero del pr\u00f3ximo a\u00f1o, los pescadores artesanales de Gal\u00e1pagos, podr\u00e1n pescar langosta roja (Panulirus penicillatus) y langosta verde (Panulirus gracilis), dentro de la Reserva Marina. As\u00ed lo autoriz\u00f3 la Junta de Manejo Participativo (JMP), reunida ordinariamente la tarde de\u00a0ayer, luego de analizar los resultados del monitoreo pesquero de este recurso marino, el cual evidenci\u00f3 que existe una recuperaci\u00f3n de la especie, superior en los \u00faltimos 3 a\u00f1os.<\/p>\n<p style=\"text-align: justify;\">La Junta de Manejo Participativo conformada por los representantes de los sectores pesquero, tur\u00edstico, ciencia y educaci\u00f3n, y el administrador de la Reserva Marina (DPNG), y como observador a un delegado de la Secretar\u00eda T\u00e9cnica del Consejo de Gobierno de Gal\u00e1pagos, acordaron que se aplicar\u00edan las mismas regulaciones adoptadas para pesquer\u00edas anteriores, entre las que se destaca la prohibici\u00f3n de capturar langostas ovadas, por lo que se retendr\u00e1n todas aquellas que presenten indicios de haber sido \u201ccepilladas\u201d o que tengan los ple\u00f3podos cortados (lugar donde colocan los huevecillos). La talla m\u00ednima de captura es de 26 cent\u00edmetros de longitud total, o de 15 cent\u00edmetros solo la cola.<\/p>\n<p style=\"text-align: justify;\">Al igual que la pesquer\u00eda pasada (temporada 2013), la autoridad ambiental busca fortalecer el consumo local de langosta entera y que las Cooperativas de Pesca Artesanal sean las que comercialicen el producto en la parte continental. Durante la temporada de pesquer\u00eda de langosta, el recurso langostino entra en veda.<\/p>\n<p style=\"text-align: justify;\">La DPNG junto a la Armada Nacional realizar\u00e1 el control de pesquer\u00eda en los sitios de captura y monitoreo de producto en los puertos de desembarque autorizados por la autoridad ambiental. Asimismo, se ejecutar\u00e1n operativos rutinarios de control con la Polic\u00eda Nacional en los restaurantes y sitios de expendio de langosta, a fin de verificar el cumplimiento de las regulaciones establecidas para la presente pesquer\u00eda.<\/p>\n","protected":false},"excerpt":{"rendered":"<p class=\"excerpt\">Desde el 08 de septiembre, hasta el 8 de enero del pr\u00f3ximo a\u00f1o, los pescadores artesanales de Gal\u00e1pagos, podr\u00e1n pescar langosta roja (Panulirus penicillatus) y langosta verde (Panulirus gracilis), dentro de la Reserva Marina. As\u00ed lo autoriz\u00f3 la Junta de Manejo Participativo (JMP), reunida ordinariamente la tarde de\u00a0ayer, luego de analizar los resultados del monitoreo pesquero de este recurso marino,&hellip; <a href=\"https:\/\/www.ambienteyenergia.gob.ec\/ambiente\/en-septiembre-de-abre-la-pesqueria-de-langosta-en-galapagos-desde-el-08-de-septiembre-hasta-el-8-de-enero-del-proximo-ano-los-pescadores-artesanales-de-galapagos-podran-pescar-langosta-roja-panuli\/\">Read more &rarr;<\/a><\/p>\n","protected":false},"author":13,"featured_media":22183,"comment_status":"open","ping_status":"open","sticky":false,"template":"","format":"standard","meta":{"footnotes":""},"categories":[16,4],"tags":[394,387],"class_list":["post-22182","post","type-post","status-publish","format-standard","has-post-thumbnail","hentry","category-comunicamos","category-noticias","tag-direccion-del-parque-nacional-galapagos","tag-mae-lorena-tapia","xfolkentry"],"_links":{"self":[{"href":"https:\/\/www.ambienteyenergia.gob.ec\/ambiente\/wp-json\/wp\/v2\/posts\/22182","targetHints":{"allow":["GET"]}}],"collection":[{"href":"https:\/\/www.ambienteyenergia.gob.ec\/ambiente\/wp-json\/wp\/v2\/posts"}],"about":[{"href":"https:\/\/www.ambienteyenergia.gob.ec\/ambiente\/wp-json\/wp\/v2\/types\/post"}],"author":[{"embeddable":true,"href":"https:\/\/www.ambienteyenergia.gob.ec\/ambiente\/wp-json\/wp\/v2\/users\/13"}],"replies":[{"embeddable":true,"href":"https:\/\/www.ambienteyenergia.gob.ec\/ambiente\/wp-json\/wp\/v2\/comments?post=22182"}],"version-history":[{"count":0,"href":"https:\/\/www.ambienteyenergia.gob.ec\/ambiente\/wp-json\/wp\/v2\/posts\/22182\/revisions"}],"wp:featuredmedia":[{"embeddable":true,"href":"https:\/\/www.ambienteyenergia.gob.ec\/ambiente\/wp-json\/wp\/v2\/media\/22183"}],"wp:attachment":[{"href":"https:\/\/www.ambienteyenergia.gob.ec\/ambiente\/wp-json\/wp\/v2\/media?parent=22182"}],"wp:term":[{"taxonomy":"category","embeddable":true,"href":"https:\/\/www.ambienteyenergia.gob.ec\/ambiente\/wp-json\/wp\/v2\/categories?post=22182"},{"taxonomy":"post_tag","embeddable":true,"href":"https:\/\/www.ambienteyenergia.gob.ec\/ambiente\/wp-json\/wp\/v2\/tags?post=22182"}],"curies":[{"name":"wp","href":"https:\/\/api.w.org\/{rel}","templated":true}]}}