{"id":22174,"date":"2014-08-26T15:45:23","date_gmt":"2014-08-26T20:45:23","guid":{"rendered":"http:\/\/www.ambiente.gob.ec\/?p=22174"},"modified":"2014-08-26T15:45:23","modified_gmt":"2014-08-26T20:45:23","slug":"el-mae-socializa-lineamientos-de-cambio-climatico-en-territorio","status":"publish","type":"post","link":"https:\/\/www.ambienteyenergia.gob.ec\/ambiente\/el-mae-socializa-lineamientos-de-cambio-climatico-en-territorio\/","title":{"rendered":"El MAE socializa lineamientos de cambio clim\u00e1tico en territorio"},"content":{"rendered":"<p style=\"text-align: justify;\">El Ministerio del Ambiente (MAE) a trav\u00e9s de la Subsecretar\u00eda de Cambio Clim\u00e1tico y el proyecto PACC el cual se implementa en conjunto con el Programa de Naciones Unidas para el Desarrollo (PNUD), organizan el evento de Lanzamiento de los Lineamientos Generales de Planes, Programas y Estrategias de Cambio Clim\u00e1tico de Gobiernos Aut\u00f3nomos Descentralizados , el pr\u00f3ximo jueves <span id=\"OBJ_PREFIX_DWT9180_com_zimbra_date\" class=\"Object\">28 de agosto<\/span> en la ciudad de Guayaquil.<\/p>\n<p style=\"text-align: justify;\">\nEl acto contar\u00e1 con la presencia de la Ministra del Ambiente Lorena Tapia, y las autoridades de Gobiernos Aut\u00f3nomos Descentralizados (GAD) de orden provincial, cantonal y parroquial, as\u00ed como representantes de Organismos No Gubernamentales (ONGs) involucrados en la tem\u00e1tica.<\/p>\n<p style=\"text-align: justify;\">\nEl encuentro, tiene la finalidad de presentar de manera oficial la Gu\u00eda Explicativa y socializar los lineamientos que pretenden apoyar a los GAD en la formulaci\u00f3n conjunta de propuestas para lograr una efectiva inserci\u00f3n del cambio clim\u00e1tico en la planificaci\u00f3n territorial.<\/p>\n<p style=\"text-align: justify;\">\nFue a partir de las iniciativas de adaptaci\u00f3n ya implementadas bajo el liderazgo del Ministerio del Ambiente en conjunto con agencias de cooperaci\u00f3n, que se evidenci\u00f3 la necesidad de replicar la formulaci\u00f3n de planes de cambio clim\u00e1tico a nivel territorial. El Acuerdo Ministerial No. 137 publicado el pasado mes de mayo, estableci\u00f3 los lineamientos generales que los Gobiernos Aut\u00f3nomos Descentralizados podr\u00e1n adoptar de manera voluntaria para la elaboraci\u00f3n de planes, programas y estrategias de cambio clim\u00e1tico alineadas a su planificaci\u00f3n territorial.<\/p>\n<p style=\"text-align: justify;\">\nLa forma en que cada gobierno local se prepara para enfrentar el cambio clim\u00e1tico var\u00eda de acuerdo al tipo de amenazas clim\u00e1ticas que enfrenta el territorio, de las vulnerabilidades de sus sistemas humanos y naturales, y de sus prioridades de desarrollo local. Por ese motivo, la intenci\u00f3n final es que cada Gobierno Aut\u00f3nomo Descentralizado cuente con su propio Plan de Cambio Clim\u00e1tico.<\/p>\n<p style=\"text-align: justify;\">\nLa Gu\u00eda Explicativa se publica en un momento crucial, debido a que los Gobiernos Aut\u00f3nomos Descentralizados (GAD), se encuentran en etapa de actualizaci\u00f3n de sus Planes de Desarrollo y Ordenamiento Territorial (PDOT) con las directicas emitidas por la Secretar\u00eda Nacional de Planificaci\u00f3n y Desarrollo (SENPLADES) en el pasado mes de junio.<\/p>\n<p style=\"text-align: justify;\">\nAl presente, los gobiernos provinciales de Guayas y Pichincha ya cuentan con sus Planes de Cambio Clim\u00e1tico aprobados por el Ministerio del Ambiente. Adicionalmente, se ha avanzado en la elaboraci\u00f3n de propuestas de algunos GAD de la sierra centro del pa\u00eds, y en los pr\u00f3ximos a\u00f1os se espera que se sigan sumando m\u00e1s gobiernos locales a esta iniciativa.<\/p>\n<p style=\"text-align: justify;\">\nEl lanzamiento de la Gu\u00eda Explicativa es un hito trascendental ya que con este acontecimiento se institucionaliza el car\u00e1cter transversal y multidisciplinario de la acci\u00f3n que impulsa el Ministerio del Ambiente contra el cambio clim\u00e1tico en la gesti\u00f3n local. Con la socializaci\u00f3n de los lineamientos a gobiernos locales, se fomenta el fortalecimiento de capacidades para la adopci\u00f3n de medidas de mayor alcance a nivel territorial que se reflejar\u00e1n en un impacto a\u00fan mayor de la gesti\u00f3n del Ecuador en el combate del cambio clim\u00e1tico. A trav\u00e9s de este mecanismo el Ecuador se posiciona como un pa\u00eds innovador y creativo frente a las soluciones que se plantean para combatir el cambio clim\u00e1tico a nivel mundial.<\/p>\n","protected":false},"excerpt":{"rendered":"<p class=\"excerpt\">El Ministerio del Ambiente (MAE) a trav\u00e9s de la Subsecretar\u00eda de Cambio Clim\u00e1tico y el proyecto PACC el cual se implementa en conjunto con el Programa de Naciones Unidas para el Desarrollo (PNUD), organizan el evento de Lanzamiento de los Lineamientos Generales de Planes, Programas y Estrategias de Cambio Clim\u00e1tico de Gobiernos Aut\u00f3nomos Descentralizados , el pr\u00f3ximo jueves 28 de&hellip; <a href=\"https:\/\/www.ambienteyenergia.gob.ec\/ambiente\/el-mae-socializa-lineamientos-de-cambio-climatico-en-territorio\/\">Read more &rarr;<\/a><\/p>\n","protected":false},"author":13,"featured_media":20789,"comment_status":"open","ping_status":"open","sticky":false,"template":"","format":"standard","meta":{"footnotes":""},"categories":[16,4],"tags":[],"class_list":["post-22174","post","type-post","status-publish","format-standard","has-post-thumbnail","hentry","category-comunicamos","category-noticias","xfolkentry"],"_links":{"self":[{"href":"https:\/\/www.ambienteyenergia.gob.ec\/ambiente\/wp-json\/wp\/v2\/posts\/22174","targetHints":{"allow":["GET"]}}],"collection":[{"href":"https:\/\/www.ambienteyenergia.gob.ec\/ambiente\/wp-json\/wp\/v2\/posts"}],"about":[{"href":"https:\/\/www.ambienteyenergia.gob.ec\/ambiente\/wp-json\/wp\/v2\/types\/post"}],"author":[{"embeddable":true,"href":"https:\/\/www.ambienteyenergia.gob.ec\/ambiente\/wp-json\/wp\/v2\/users\/13"}],"replies":[{"embeddable":true,"href":"https:\/\/www.ambienteyenergia.gob.ec\/ambiente\/wp-json\/wp\/v2\/comments?post=22174"}],"version-history":[{"count":0,"href":"https:\/\/www.ambienteyenergia.gob.ec\/ambiente\/wp-json\/wp\/v2\/posts\/22174\/revisions"}],"wp:featuredmedia":[{"embeddable":true,"href":"https:\/\/www.ambienteyenergia.gob.ec\/ambiente\/wp-json\/wp\/v2\/media\/20789"}],"wp:attachment":[{"href":"https:\/\/www.ambienteyenergia.gob.ec\/ambiente\/wp-json\/wp\/v2\/media?parent=22174"}],"wp:term":[{"taxonomy":"category","embeddable":true,"href":"https:\/\/www.ambienteyenergia.gob.ec\/ambiente\/wp-json\/wp\/v2\/categories?post=22174"},{"taxonomy":"post_tag","embeddable":true,"href":"https:\/\/www.ambienteyenergia.gob.ec\/ambiente\/wp-json\/wp\/v2\/tags?post=22174"}],"curies":[{"name":"wp","href":"https:\/\/api.w.org\/{rel}","templated":true}]}}