{"id":22171,"date":"2014-08-26T15:32:56","date_gmt":"2014-08-26T20:32:56","guid":{"rendered":"http:\/\/www.ambiente.gob.ec\/?p=22171"},"modified":"2014-08-26T15:32:56","modified_gmt":"2014-08-26T20:32:56","slug":"pacc-realiza-visita-a-las-familias-beneficiadas-con-sistema-de-riego-movil-en-la-comunidad-de-pachinche-en-manabi","status":"publish","type":"post","link":"https:\/\/www.ambienteyenergia.gob.ec\/ambiente\/pacc-realiza-visita-a-las-familias-beneficiadas-con-sistema-de-riego-movil-en-la-comunidad-de-pachinche-en-manabi\/","title":{"rendered":"PACC realiza visita a las familias beneficiadas con sistema de riego m\u00f3vil en la comunidad de Pachinche en Manab\u00ed"},"content":{"rendered":"<p style=\"text-align: justify;\">Con el objetivo de verificar el buen uso e impacto del sistema de riego m\u00f3vil, que fue entregado a 40 familias el pasado mes de abril, destinado a mejorar los sistemas de producci\u00f3n, el Ministerio del Ambiente de Ecuador (MAE), a trav\u00e9s del Proyecto de Adaptaci\u00f3n al Cambio Clim\u00e1tico (PACC), realiz\u00f3 un recorrido en conjunto con t\u00e9cnicos de la Asociaci\u00f3n Cristiana de J\u00f3venes \u2013 Filial Portoviejo en las fincas de los beneficiarios.<\/p>\n<p style=\"text-align: justify;\">\nDurante el recorrido se pudo constatar el uso de los equipos para el riego de cultivos como: berenjena, pepino, cacao, man\u00ed, tomate, maracuy\u00e1, entre otros. Adem\u00e1s se observ\u00f3 c\u00f3mo ha beneficiado el sistema de riego m\u00f3vil a estas familias.<\/p>\n<p style=\"text-align: justify;\">\nLas y los beneficiarios hablan de las ventajas de este sistema, ya que pueden movilizarlo a diferentes lugares e incluso utilizarlo de manera conjunta con los vecinos para cubrir una mayor extensi\u00f3n de terreno. Las familias que recibieron el sistema de riego est\u00e1n conscientes que el fin de haberlo recibido es mejorar sus sistemas de producci\u00f3n, es por ello que han aprovechado al m\u00e1ximo este aporte del MAE y responden con buenos resultados a este compromiso.<\/p>\n<p style=\"text-align: justify;\">\nEl PACC continuar\u00e1 realizando visitas de seguimiento en las pr\u00f3ximas semanas y brindando el apoyo t\u00e9cnico necesario.<br \/>\nEl dato<\/p>\n<p style=\"text-align: justify;\">\nEn el mes de abril del presente a\u00f1o, el Ministerio del Ambiente del Ecuador (MAE) y el Proyecto de Adaptaci\u00f3n al Cambio Clim\u00e1tico (PACC), liderado por la Subsecretar\u00eda de Cambio Clim\u00e1tico con el apoyo del Programa de las Naciones Unidas para el Desarrollo (PNUD), realiz\u00f3 la entrega de 40 sistemas de riego m\u00f3vil en la comunidad de Pachinche.<\/p>\n<p style=\"text-align: justify;\">El riego m\u00f3vil implementado no es un sistema invasivo, es decir, que para su montaje y desmontaje no es necesaria la remoci\u00f3n de terreno, construcci\u00f3n de infraestructura adicional, etc.<\/p>\n<p style=\"text-align: justify;\">\nLa aspersi\u00f3n utilizada permite la distribuci\u00f3n uniforme del agua y con bajo impacto, lo que resulta beneficioso para evitar la erosi\u00f3n del suelo y no afecta las plantaciones en la \u00e9poca de floraci\u00f3n.<\/p>\n","protected":false},"excerpt":{"rendered":"<p class=\"excerpt\">Con el objetivo de verificar el buen uso e impacto del sistema de riego m\u00f3vil, que fue entregado a 40 familias el pasado mes de abril, destinado a mejorar los sistemas de producci\u00f3n, el Ministerio del Ambiente de Ecuador (MAE), a trav\u00e9s del Proyecto de Adaptaci\u00f3n al Cambio Clim\u00e1tico (PACC), realiz\u00f3 un recorrido en conjunto con t\u00e9cnicos de la Asociaci\u00f3n&hellip; <a href=\"https:\/\/www.ambienteyenergia.gob.ec\/ambiente\/pacc-realiza-visita-a-las-familias-beneficiadas-con-sistema-de-riego-movil-en-la-comunidad-de-pachinche-en-manabi\/\">Read more &rarr;<\/a><\/p>\n","protected":false},"author":13,"featured_media":22172,"comment_status":"open","ping_status":"open","sticky":false,"template":"","format":"standard","meta":{"footnotes":""},"categories":[16,4],"tags":[],"class_list":["post-22171","post","type-post","status-publish","format-standard","has-post-thumbnail","hentry","category-comunicamos","category-noticias","xfolkentry"],"_links":{"self":[{"href":"https:\/\/www.ambienteyenergia.gob.ec\/ambiente\/wp-json\/wp\/v2\/posts\/22171","targetHints":{"allow":["GET"]}}],"collection":[{"href":"https:\/\/www.ambienteyenergia.gob.ec\/ambiente\/wp-json\/wp\/v2\/posts"}],"about":[{"href":"https:\/\/www.ambienteyenergia.gob.ec\/ambiente\/wp-json\/wp\/v2\/types\/post"}],"author":[{"embeddable":true,"href":"https:\/\/www.ambienteyenergia.gob.ec\/ambiente\/wp-json\/wp\/v2\/users\/13"}],"replies":[{"embeddable":true,"href":"https:\/\/www.ambienteyenergia.gob.ec\/ambiente\/wp-json\/wp\/v2\/comments?post=22171"}],"version-history":[{"count":0,"href":"https:\/\/www.ambienteyenergia.gob.ec\/ambiente\/wp-json\/wp\/v2\/posts\/22171\/revisions"}],"wp:featuredmedia":[{"embeddable":true,"href":"https:\/\/www.ambienteyenergia.gob.ec\/ambiente\/wp-json\/wp\/v2\/media\/22172"}],"wp:attachment":[{"href":"https:\/\/www.ambienteyenergia.gob.ec\/ambiente\/wp-json\/wp\/v2\/media?parent=22171"}],"wp:term":[{"taxonomy":"category","embeddable":true,"href":"https:\/\/www.ambienteyenergia.gob.ec\/ambiente\/wp-json\/wp\/v2\/categories?post=22171"},{"taxonomy":"post_tag","embeddable":true,"href":"https:\/\/www.ambienteyenergia.gob.ec\/ambiente\/wp-json\/wp\/v2\/tags?post=22171"}],"curies":[{"name":"wp","href":"https:\/\/api.w.org\/{rel}","templated":true}]}}