{"id":22168,"date":"2014-08-26T15:30:27","date_gmt":"2014-08-26T20:30:27","guid":{"rendered":"http:\/\/www.ambiente.gob.ec\/?p=22168"},"modified":"2014-08-27T08:20:55","modified_gmt":"2014-08-27T13:20:55","slug":"mae-monitorea-crecimiento-de-osezna-cosanga-como-parte-del-procedimiento-de-reinsercion-a-su-habitat-natural","status":"publish","type":"post","link":"https:\/\/www.ambienteyenergia.gob.ec\/ambiente\/mae-monitorea-crecimiento-de-osezna-cosanga-como-parte-del-procedimiento-de-reinsercion-a-su-habitat-natural\/","title":{"rendered":"MAE monitorea crecimiento de osezna Cosanga como parte del procedimiento de reinserci\u00f3n a su h\u00e1bitat natural"},"content":{"rendered":"<p style=\"text-align: justify;\">Especialistas de la Direcci\u00f3n Nacional de Biodiversidad del Ministerio del Ambiente (MAE), realizaron este lunes 25 de agosto una visita t\u00e9cnica al Centro de Manejo de Fauna Silvestre Eco-Zool\u00f3gico San Mart\u00edn, ubicado en la ciudad de Ba\u00f1os. El objetivo de la inspecci\u00f3n fue constatar el actual estado de salud y el proceso de rehabilitaci\u00f3n de Cosanga, una osezna de anteojos que fue recuperada por el MAE en diciembre del a\u00f1o anterior en una localidad de la provincia del Napo, donde estaba siendo criada como una mascota.<\/p>\n<p style=\"text-align: justify;\">Cerca de 8 meses ha permanecido Cosanga en las instalaciones de este centro de rescate, all\u00ed ha recibido la atenci\u00f3n y los cuidados necesarios para que la osezna contin\u00fae su desarrollo y una vez que haya\u00a0 alcanzado el peso y tama\u00f1o adecuado pueda ser reinsertada a su h\u00e1bitat natural.<\/p>\n<p style=\"text-align: justify;\">As\u00ed lo explica el veterinario del Eco-Zool\u00f3gico, Jonh Castillo, quien desde el mes de marzo ha sido el encargado del manejo sanitario, f\u00edsico, sicol\u00f3gico y conductual del esp\u00e9cimen. \u00abCosanga, durante este tiempo ha recibido una dieta basada en valores nutricionales para su especie, come frutas de temporada como guayaba, n\u00edspero, manzana, papaya, sand\u00eda y plantas naturales como achupallas y bromelias. Esto ha permitido que el crecimiento de la osezna sea satisfactorio\u201d.<\/p>\n<p style=\"text-align: justify;\">Por su parte, Orlando Vega, propietario del Centro de Manejo de Fauna Silvestre Eco-Zool\u00f3gico San Mart\u00edn, manifiesta su satisfacci\u00f3n al colaborar con esta Cartera de Estado en el cuidado y crianza de Cosanga. \u201cPienso que es nuestro deber trabajar coordinadamente con el Ministerio del Ambiente y unir nuestros conocimientos y experiencia t\u00e9cnica a favor de nuestros animales\u201d.<\/p>\n<p style=\"text-align: justify;\">Se prev\u00e9 que Cosanga en pocas semanas m\u00e1s sea trasladada a otro centro de manejo ubicado en la provincia del Napo, el mismo que deber\u00e1 cumplir con la Normativa Ambiental vigente. Ah\u00ed la osezna permanecer\u00e1 por un tiempo m\u00e1s antes de ser liberada y reinsertada a su h\u00e1bitat natural de forma definitiva.<\/p>\n","protected":false},"excerpt":{"rendered":"<p class=\"excerpt\">Especialistas de la Direcci\u00f3n Nacional de Biodiversidad del Ministerio del Ambiente (MAE), realizaron este lunes 25 de agosto una visita t\u00e9cnica al Centro de Manejo de Fauna Silvestre Eco-Zool\u00f3gico San Mart\u00edn, ubicado en la ciudad de Ba\u00f1os. El objetivo de la inspecci\u00f3n fue constatar el actual estado de salud y el proceso de rehabilitaci\u00f3n de Cosanga, una osezna de anteojos&hellip; <a href=\"https:\/\/www.ambienteyenergia.gob.ec\/ambiente\/mae-monitorea-crecimiento-de-osezna-cosanga-como-parte-del-procedimiento-de-reinsercion-a-su-habitat-natural\/\">Read more &rarr;<\/a><\/p>\n","protected":false},"author":13,"featured_media":22169,"comment_status":"open","ping_status":"open","sticky":false,"template":"","format":"standard","meta":{"footnotes":""},"categories":[16,4],"tags":[],"class_list":["post-22168","post","type-post","status-publish","format-standard","has-post-thumbnail","hentry","category-comunicamos","category-noticias","xfolkentry"],"_links":{"self":[{"href":"https:\/\/www.ambienteyenergia.gob.ec\/ambiente\/wp-json\/wp\/v2\/posts\/22168","targetHints":{"allow":["GET"]}}],"collection":[{"href":"https:\/\/www.ambienteyenergia.gob.ec\/ambiente\/wp-json\/wp\/v2\/posts"}],"about":[{"href":"https:\/\/www.ambienteyenergia.gob.ec\/ambiente\/wp-json\/wp\/v2\/types\/post"}],"author":[{"embeddable":true,"href":"https:\/\/www.ambienteyenergia.gob.ec\/ambiente\/wp-json\/wp\/v2\/users\/13"}],"replies":[{"embeddable":true,"href":"https:\/\/www.ambienteyenergia.gob.ec\/ambiente\/wp-json\/wp\/v2\/comments?post=22168"}],"version-history":[{"count":0,"href":"https:\/\/www.ambienteyenergia.gob.ec\/ambiente\/wp-json\/wp\/v2\/posts\/22168\/revisions"}],"wp:featuredmedia":[{"embeddable":true,"href":"https:\/\/www.ambienteyenergia.gob.ec\/ambiente\/wp-json\/wp\/v2\/media\/22169"}],"wp:attachment":[{"href":"https:\/\/www.ambienteyenergia.gob.ec\/ambiente\/wp-json\/wp\/v2\/media?parent=22168"}],"wp:term":[{"taxonomy":"category","embeddable":true,"href":"https:\/\/www.ambienteyenergia.gob.ec\/ambiente\/wp-json\/wp\/v2\/categories?post=22168"},{"taxonomy":"post_tag","embeddable":true,"href":"https:\/\/www.ambienteyenergia.gob.ec\/ambiente\/wp-json\/wp\/v2\/tags?post=22168"}],"curies":[{"name":"wp","href":"https:\/\/api.w.org\/{rel}","templated":true}]}}