{"id":22162,"date":"2014-08-26T11:34:23","date_gmt":"2014-08-26T16:34:23","guid":{"rendered":"http:\/\/www.ambiente.gob.ec\/?p=22162"},"modified":"2014-08-26T11:34:23","modified_gmt":"2014-08-26T16:34:23","slug":"mae-permite-el-ingreso-de-guias-nacionales-a-12-areas-protegidas-para-fomentar-y-promover-el-turismo","status":"publish","type":"post","link":"https:\/\/www.ambienteyenergia.gob.ec\/ambiente\/mae-permite-el-ingreso-de-guias-nacionales-a-12-areas-protegidas-para-fomentar-y-promover-el-turismo\/","title":{"rendered":"MAE permite el ingreso de gu\u00edas nacionales a 12 \u00c1reas Protegidas para fomentar y promover el turismo"},"content":{"rendered":"<p style=\"text-align: justify;\">Las \u00c1reas Protegidas (AP) del Ecuador albergan una importante riqueza biol\u00f3gica y paisaj\u00edstica, reconocida a nivel internacional. Estas zonas son el h\u00e1bitat de cientos de especies de flora y fauna silvestres, que constituyen el Patrimonio Natural del pa\u00eds. Pero, adem\u00e1s de estar destinadas a la conservaci\u00f3n y preservaci\u00f3n, su belleza permite el desarrollo de actividades educativas y tur\u00edsticas, de las cuales se benefician tanto las poblaciones urbanas como rurales.<\/p>\n<p style=\"text-align: justify;\">En concordancia con este modelo de desarrollo sostenible, y tras haber identificado a las AP de alta visitaci\u00f3n; el Ministerio del Ambiente (MAE) dispuso permitir el ingreso de gu\u00edas nacionales a 12 \u00e1reas protegidas, ubicadas en las tres regiones del Ecuador continental.<\/p>\n<p style=\"text-align: justify;\">Con la implantaci\u00f3n de esta media, los gu\u00edas nacionales, que son personas que tienen t\u00edtulos acad\u00e9micos en las ramas de turismo y que tienen la correspondiente credencial, se unir\u00e1n a los 753 gu\u00edas naturalistas que operan actualmente en el pa\u00eds.<\/p>\n<p style=\"text-align: justify;\">Los gu\u00edas naturalistas son personas naturales no dependientes del Estado, que tienen la responsabilidad de prestar servicios de conducci\u00f3n, interpretaci\u00f3n, educaci\u00f3n, y conservaci\u00f3n de los recursos naturales para el esparcimiento y educaci\u00f3n de visitantes, previo la aprobaci\u00f3n del curso de capacitaci\u00f3n dictado por el MAE, seg\u00fan el Reglamento de Gu\u00edas Naturalistas de \u00c1reas Protegidas, expedido bajo Decreto Ejecutivo 1513, del 31 de Marzo del 2004.<\/p>\n<p style=\"text-align: justify;\">Mediante esta disposici\u00f3n el Ministerio del Ambiente facilita y promueve el turismo nacional.<\/p>\n<p style=\"text-align: justify;\">Dado que las AP son lugares que requieren altos cuidados, en el periodo de septiembre a diciembre de este a\u00f1o, los gu\u00edas naturalistas deber\u00e1n actualizar sus credenciales, a trav\u00e9s de la aprobaci\u00f3n de los cursos de actualizaci\u00f3n en\u00a0las Direcciones Provinciales del MAE. Por su parte, los gu\u00edas nacionales ser\u00e1n regulados por el Ministerio de Turismo.<\/p>\n<p style=\"text-align: justify;\"><strong>\u00c1reas protegidas con enfoque tur\u00edstico a las que se podr\u00e1 ingresar<\/strong><\/p>\n<ul>\n<li style=\"text-align: justify;\">Limoncocha<\/li>\n<li style=\"text-align: justify;\">Reserva Ecol\u00f3gica el \u00c1ngel<\/li>\n<li style=\"text-align: justify;\">Parque Nacional Yasun\u00ed<\/li>\n<li style=\"text-align: justify;\">Parque Nacional Cotopaxi<\/li>\n<li style=\"text-align: justify;\">Reserva Ecol\u00f3gica Cotacachi-Cayapas<\/li>\n<li style=\"text-align: justify;\">Reserva de Producci\u00f3n Faun\u00edstica Cuyabeno<\/li>\n<li style=\"text-align: justify;\">Reserva Ecol\u00f3gica Los Ilinizas<\/li>\n<li style=\"text-align: justify;\">Reserva de Producci\u00f3n Faun\u00edstica Marino Costera Puntilla de Santa Elena<\/li>\n<li style=\"text-align: justify;\">Reserva Chimborazo<\/li>\n<li style=\"text-align: justify;\">Parque Nacional Machalilla<\/li>\n<li style=\"text-align: justify;\">Reserva Ecol\u00f3gica Manglares Churute<\/li>\n<li style=\"text-align: justify;\">Reserva Geobot\u00e1nica Pululahua.<\/li>\n<\/ul>\n","protected":false},"excerpt":{"rendered":"<p class=\"excerpt\">Las \u00c1reas Protegidas (AP) del Ecuador albergan una importante riqueza biol\u00f3gica y paisaj\u00edstica, reconocida a nivel internacional. Estas zonas son el h\u00e1bitat de cientos de especies de flora y fauna silvestres, que constituyen el Patrimonio Natural del pa\u00eds. Pero, adem\u00e1s de estar destinadas a la conservaci\u00f3n y preservaci\u00f3n, su belleza permite el desarrollo de actividades educativas y tur\u00edsticas, de las&hellip; <a href=\"https:\/\/www.ambienteyenergia.gob.ec\/ambiente\/mae-permite-el-ingreso-de-guias-nacionales-a-12-areas-protegidas-para-fomentar-y-promover-el-turismo\/\">Read more &rarr;<\/a><\/p>\n","protected":false},"author":13,"featured_media":22163,"comment_status":"open","ping_status":"open","sticky":false,"template":"","format":"standard","meta":{"footnotes":""},"categories":[16,4],"tags":[],"class_list":["post-22162","post","type-post","status-publish","format-standard","has-post-thumbnail","hentry","category-comunicamos","category-noticias","xfolkentry"],"_links":{"self":[{"href":"https:\/\/www.ambienteyenergia.gob.ec\/ambiente\/wp-json\/wp\/v2\/posts\/22162","targetHints":{"allow":["GET"]}}],"collection":[{"href":"https:\/\/www.ambienteyenergia.gob.ec\/ambiente\/wp-json\/wp\/v2\/posts"}],"about":[{"href":"https:\/\/www.ambienteyenergia.gob.ec\/ambiente\/wp-json\/wp\/v2\/types\/post"}],"author":[{"embeddable":true,"href":"https:\/\/www.ambienteyenergia.gob.ec\/ambiente\/wp-json\/wp\/v2\/users\/13"}],"replies":[{"embeddable":true,"href":"https:\/\/www.ambienteyenergia.gob.ec\/ambiente\/wp-json\/wp\/v2\/comments?post=22162"}],"version-history":[{"count":0,"href":"https:\/\/www.ambienteyenergia.gob.ec\/ambiente\/wp-json\/wp\/v2\/posts\/22162\/revisions"}],"wp:featuredmedia":[{"embeddable":true,"href":"https:\/\/www.ambienteyenergia.gob.ec\/ambiente\/wp-json\/wp\/v2\/media\/22163"}],"wp:attachment":[{"href":"https:\/\/www.ambienteyenergia.gob.ec\/ambiente\/wp-json\/wp\/v2\/media?parent=22162"}],"wp:term":[{"taxonomy":"category","embeddable":true,"href":"https:\/\/www.ambienteyenergia.gob.ec\/ambiente\/wp-json\/wp\/v2\/categories?post=22162"},{"taxonomy":"post_tag","embeddable":true,"href":"https:\/\/www.ambienteyenergia.gob.ec\/ambiente\/wp-json\/wp\/v2\/tags?post=22162"}],"curies":[{"name":"wp","href":"https:\/\/api.w.org\/{rel}","templated":true}]}}