{"id":22159,"date":"2014-08-26T11:30:59","date_gmt":"2014-08-26T16:30:59","guid":{"rendered":"http:\/\/www.ambiente.gob.ec\/?p=22159"},"modified":"2014-08-26T11:30:59","modified_gmt":"2014-08-26T16:30:59","slug":"mae-realiza-minga-de-limpieza-en-la-comunidad-de-pinan","status":"publish","type":"post","link":"https:\/\/www.ambienteyenergia.gob.ec\/ambiente\/mae-realiza-minga-de-limpieza-en-la-comunidad-de-pinan\/","title":{"rendered":"MAE realiza minga de limpieza en la comunidad de Pi\u00f1\u00e1n"},"content":{"rendered":"<p style=\"text-align: justify;\">El Ministerio del Ambiente de Ecuador (MAE), a trav\u00e9s de los T\u00e9cnicos de la Reserva Ecol\u00f3gica Cotacachi Cayapas (RECC) Distrito Pi\u00f1\u00e1n, organiz\u00f3 una minga de limpieza de desechos inorg\u00e1nicos en el r\u00edo del mismo nombre y varias v\u00edas de la comunidad.<\/p>\n<p>Esta actividad se desarroll\u00f3 el d\u00eda s\u00e1bado con la participaci\u00f3n de comuneros de 7 comunidades de la zona, con la finalidad de recoger todo desecho que se encuentra alrededor del rio y las v\u00edas del sector. Adem\u00e1s se brind\u00f3 informaci\u00f3n sobre la campa\u00f1a de prevenci\u00f3n de incendios, que se lleva a cabo en la provincia de Imbabura.<\/p>\n<p>Con esto la Direcci\u00f3n Ambiental procura hacer conciencia en los moradores del sector para que sean ellos quienes cuiden el entorno en el que viven y as\u00ed generar espacios adecuados a los turistas que nos visitan.<\/p>\n","protected":false},"excerpt":{"rendered":"<p class=\"excerpt\">El Ministerio del Ambiente de Ecuador (MAE), a trav\u00e9s de los T\u00e9cnicos de la Reserva Ecol\u00f3gica Cotacachi Cayapas (RECC) Distrito Pi\u00f1\u00e1n, organiz\u00f3 una minga de limpieza de desechos inorg\u00e1nicos en el r\u00edo del mismo nombre y varias v\u00edas de la comunidad. Esta actividad se desarroll\u00f3 el d\u00eda s\u00e1bado con la participaci\u00f3n de comuneros de 7 comunidades de la zona, con&hellip; <a href=\"https:\/\/www.ambienteyenergia.gob.ec\/ambiente\/mae-realiza-minga-de-limpieza-en-la-comunidad-de-pinan\/\">Read more &rarr;<\/a><\/p>\n","protected":false},"author":13,"featured_media":22160,"comment_status":"open","ping_status":"open","sticky":false,"template":"","format":"standard","meta":{"footnotes":""},"categories":[16,4],"tags":[],"class_list":["post-22159","post","type-post","status-publish","format-standard","has-post-thumbnail","hentry","category-comunicamos","category-noticias","xfolkentry"],"_links":{"self":[{"href":"https:\/\/www.ambienteyenergia.gob.ec\/ambiente\/wp-json\/wp\/v2\/posts\/22159","targetHints":{"allow":["GET"]}}],"collection":[{"href":"https:\/\/www.ambienteyenergia.gob.ec\/ambiente\/wp-json\/wp\/v2\/posts"}],"about":[{"href":"https:\/\/www.ambienteyenergia.gob.ec\/ambiente\/wp-json\/wp\/v2\/types\/post"}],"author":[{"embeddable":true,"href":"https:\/\/www.ambienteyenergia.gob.ec\/ambiente\/wp-json\/wp\/v2\/users\/13"}],"replies":[{"embeddable":true,"href":"https:\/\/www.ambienteyenergia.gob.ec\/ambiente\/wp-json\/wp\/v2\/comments?post=22159"}],"version-history":[{"count":0,"href":"https:\/\/www.ambienteyenergia.gob.ec\/ambiente\/wp-json\/wp\/v2\/posts\/22159\/revisions"}],"wp:featuredmedia":[{"embeddable":true,"href":"https:\/\/www.ambienteyenergia.gob.ec\/ambiente\/wp-json\/wp\/v2\/media\/22160"}],"wp:attachment":[{"href":"https:\/\/www.ambienteyenergia.gob.ec\/ambiente\/wp-json\/wp\/v2\/media?parent=22159"}],"wp:term":[{"taxonomy":"category","embeddable":true,"href":"https:\/\/www.ambienteyenergia.gob.ec\/ambiente\/wp-json\/wp\/v2\/categories?post=22159"},{"taxonomy":"post_tag","embeddable":true,"href":"https:\/\/www.ambienteyenergia.gob.ec\/ambiente\/wp-json\/wp\/v2\/tags?post=22159"}],"curies":[{"name":"wp","href":"https:\/\/api.w.org\/{rel}","templated":true}]}}