{"id":22155,"date":"2014-08-26T10:50:08","date_gmt":"2014-08-26T15:50:08","guid":{"rendered":"http:\/\/www.ambiente.gob.ec\/?p=22155"},"modified":"2014-08-26T10:50:08","modified_gmt":"2014-08-26T15:50:08","slug":"mae-capacita-a-beneficiarios-del-incentivo-al-manejo-forestal-sostenible-en-zamora-chinchipe","status":"publish","type":"post","link":"https:\/\/www.ambienteyenergia.gob.ec\/ambiente\/mae-capacita-a-beneficiarios-del-incentivo-al-manejo-forestal-sostenible-en-zamora-chinchipe\/","title":{"rendered":"MAE capacita a beneficiarios del Incentivo al Manejo Forestal Sostenible en Zamora Chinchipe"},"content":{"rendered":"<p style=\"text-align: justify;\">El Ministerio del Ambiente de Ecuador (MAE), a trav\u00e9s de la Direcci\u00f3n Provincial de Ambiente de Zamora Chinchipe (MAE), en coordinaci\u00f3n con el programa TRANSFER, de la Fundaci\u00f3n Alemana para la Investigaci\u00f3n DFG, y con el apoyo de la Cooperaci\u00f3n T\u00e9cnica Alemana GIZ, ha planificado el desarrollo del Taller de Capacitaci\u00f3n Sobre Tala Dirigida de \u00c1rboles, enfocada principalmente a fortalecer las capacidades de los beneficiarios del Incentivo al Manejo Forestal.<\/p>\n<p style=\"text-align: justify;\">\nDurante esta jornada de capacitaci\u00f3n, t\u00e9cnicos de esta Cartera de Estado capacitaron a los participantes sobre Procedimientos b\u00e1sicos de seguridad en el manejo de equipos de aprovechamiento forestal, t\u00e9cnicas apropiadas para la tumba dirigida de \u00e1rboles en el aprovechamiento forestal y ergonom\u00eda forestal (Relaci\u00f3n entre la anatom\u00eda, fisiolog\u00eda y psicolog\u00eda con la eficiencia, seguridad y medio ambiente en el que se desarrolla el trabajador).<\/p>\n<p style=\"text-align: justify;\">\nEste taller se desarroll\u00f3 con el objetivo de fortalecer las capacidades sobre las t\u00e9cnicas de tumba dirigida de \u00e1rboles a los beneficiarios del Programa de Incentivos al Manejo Forestal Sostenible impulsado por el MAE, enfocado a los principales actores del aprovechamiento forestal en la provincia de Zamora Chinchipe.<\/p>\n<p style=\"text-align: justify;\">\nEste evento cont\u00f3 con la participaci\u00f3n de aproximadamente 15 personas, entre instructores de la Universidad de M\u00fcnich de Alemania, t\u00e9cnicos del Incentivo al Manejo Forestal Sostenible (MAE-DPZCH), guardaparques de la Direcci\u00f3n Provincial de Zamora Chinchipe, adem\u00e1s de 10 beneficiarios del Incentivo al Manejo Forestal Sostenible, quienes recibieron el taller.<\/p>\n","protected":false},"excerpt":{"rendered":"<p class=\"excerpt\">El Ministerio del Ambiente de Ecuador (MAE), a trav\u00e9s de la Direcci\u00f3n Provincial de Ambiente de Zamora Chinchipe (MAE), en coordinaci\u00f3n con el programa TRANSFER, de la Fundaci\u00f3n Alemana para la Investigaci\u00f3n DFG, y con el apoyo de la Cooperaci\u00f3n T\u00e9cnica Alemana GIZ, ha planificado el desarrollo del Taller de Capacitaci\u00f3n Sobre Tala Dirigida de \u00c1rboles, enfocada principalmente a fortalecer&hellip; <a href=\"https:\/\/www.ambienteyenergia.gob.ec\/ambiente\/mae-capacita-a-beneficiarios-del-incentivo-al-manejo-forestal-sostenible-en-zamora-chinchipe\/\">Read more &rarr;<\/a><\/p>\n","protected":false},"author":13,"featured_media":22156,"comment_status":"open","ping_status":"open","sticky":false,"template":"","format":"standard","meta":{"footnotes":""},"categories":[16,4],"tags":[],"class_list":["post-22155","post","type-post","status-publish","format-standard","has-post-thumbnail","hentry","category-comunicamos","category-noticias","xfolkentry"],"_links":{"self":[{"href":"https:\/\/www.ambienteyenergia.gob.ec\/ambiente\/wp-json\/wp\/v2\/posts\/22155","targetHints":{"allow":["GET"]}}],"collection":[{"href":"https:\/\/www.ambienteyenergia.gob.ec\/ambiente\/wp-json\/wp\/v2\/posts"}],"about":[{"href":"https:\/\/www.ambienteyenergia.gob.ec\/ambiente\/wp-json\/wp\/v2\/types\/post"}],"author":[{"embeddable":true,"href":"https:\/\/www.ambienteyenergia.gob.ec\/ambiente\/wp-json\/wp\/v2\/users\/13"}],"replies":[{"embeddable":true,"href":"https:\/\/www.ambienteyenergia.gob.ec\/ambiente\/wp-json\/wp\/v2\/comments?post=22155"}],"version-history":[{"count":0,"href":"https:\/\/www.ambienteyenergia.gob.ec\/ambiente\/wp-json\/wp\/v2\/posts\/22155\/revisions"}],"wp:featuredmedia":[{"embeddable":true,"href":"https:\/\/www.ambienteyenergia.gob.ec\/ambiente\/wp-json\/wp\/v2\/media\/22156"}],"wp:attachment":[{"href":"https:\/\/www.ambienteyenergia.gob.ec\/ambiente\/wp-json\/wp\/v2\/media?parent=22155"}],"wp:term":[{"taxonomy":"category","embeddable":true,"href":"https:\/\/www.ambienteyenergia.gob.ec\/ambiente\/wp-json\/wp\/v2\/categories?post=22155"},{"taxonomy":"post_tag","embeddable":true,"href":"https:\/\/www.ambienteyenergia.gob.ec\/ambiente\/wp-json\/wp\/v2\/tags?post=22155"}],"curies":[{"name":"wp","href":"https:\/\/api.w.org\/{rel}","templated":true}]}}