{"id":22152,"date":"2014-08-26T10:15:48","date_gmt":"2014-08-26T15:15:48","guid":{"rendered":"http:\/\/www.ambiente.gob.ec\/?p=22152"},"modified":"2014-08-26T12:28:42","modified_gmt":"2014-08-26T17:28:42","slug":"mae-trabaja-en-proceso-de-regularizacion-con-avicolas-de-junin","status":"publish","type":"post","link":"https:\/\/www.ambienteyenergia.gob.ec\/ambiente\/mae-trabaja-en-proceso-de-regularizacion-con-avicolas-de-junin\/","title":{"rendered":"MAE trabaja en proceso de regularizaci\u00f3n con av\u00edcolas de Jun\u00edn"},"content":{"rendered":"<p style=\"text-align: justify;\">Con el objetivo de impulsar las buenas pr\u00e1cticas ambientales y el cumplimiento de la normativa ambiental vigente, el Ministerio del Ambiente de Ecuador (MAE) convoc\u00f3 a una reuni\u00f3n de trabajo a los propietario de las granjas av\u00edcolas ubicadas en el sector de la Unidad Educativa del Milenio, en el cant\u00f3n Jun\u00edn, provincia de Manab\u00ed.<\/p>\n<p style=\"text-align: justify;\">Durante esta jornada se trataron temas de cumplimiento de la normativa de Agro Calidad, Regularizaci\u00f3n y Normativa Ambiental Vigente, con lo cual se espera que los participantes inicien su proceso de regularizaci\u00f3n ambiental y presentaci\u00f3n de planes de manejo, en apego al cumplimiento de la ley.<\/p>\n<p style=\"text-align: justify;\">Por su parte los 16 representantes de los avicultores solicitaron asesoramiento t\u00e9cnico, por parte de t\u00e9cnicos de esta Cartera de Estado a trav\u00e9s de una visita de evaluaci\u00f3n a las granjas, con el fin de contribuir en el desarrollo de un plan de emergente, lineamientos base para la presentaci\u00f3n de las propuestas.<\/p>\n<p style=\"text-align: justify;\">Adem\u00e1s, el Gobierno Aut\u00f3nomo Descentralizado de Jun\u00edn se comprometi\u00f3 a entregar su informe de ordenamiento territorial, con el objetivo de poder determinar la validez del asentamiento av\u00edcola en la zona.<\/p>\n<p style=\"text-align: justify;\">En\u00a0 un acta suscrita por las Autoridades del Ministerio del Agricultura, Ganader\u00eda, Acuacultura y Pesca (MAGAP), Ministerios de Educaci\u00f3n, MAE y los propietarios de las av\u00edcolas se estipularon las competencias que cada instituci\u00f3n involucrada tiene en caso de no cumplimiento de las obligaciones a las que est\u00e1n sujetas las\u00a0 las granjas de producci\u00f3n av\u00edcola, en el marco de la normativa ambiental, tomando en consideraci\u00f3n que esto supondr\u00e1 la suspensi\u00f3n de los permisos de funcionamiento.<\/p>\n","protected":false},"excerpt":{"rendered":"<p class=\"excerpt\">Con el objetivo de impulsar las buenas pr\u00e1cticas ambientales y el cumplimiento de la normativa ambiental vigente, el Ministerio del Ambiente de Ecuador (MAE) convoc\u00f3 a una reuni\u00f3n de trabajo a los propietario de las granjas av\u00edcolas ubicadas en el sector de la Unidad Educativa del Milenio, en el cant\u00f3n Jun\u00edn, provincia de Manab\u00ed. Durante esta jornada se trataron temas&hellip; <a href=\"https:\/\/www.ambienteyenergia.gob.ec\/ambiente\/mae-trabaja-en-proceso-de-regularizacion-con-avicolas-de-junin\/\">Read more &rarr;<\/a><\/p>\n","protected":false},"author":13,"featured_media":22153,"comment_status":"open","ping_status":"open","sticky":false,"template":"","format":"standard","meta":{"footnotes":""},"categories":[16,4],"tags":[],"class_list":["post-22152","post","type-post","status-publish","format-standard","has-post-thumbnail","hentry","category-comunicamos","category-noticias","xfolkentry"],"_links":{"self":[{"href":"https:\/\/www.ambienteyenergia.gob.ec\/ambiente\/wp-json\/wp\/v2\/posts\/22152","targetHints":{"allow":["GET"]}}],"collection":[{"href":"https:\/\/www.ambienteyenergia.gob.ec\/ambiente\/wp-json\/wp\/v2\/posts"}],"about":[{"href":"https:\/\/www.ambienteyenergia.gob.ec\/ambiente\/wp-json\/wp\/v2\/types\/post"}],"author":[{"embeddable":true,"href":"https:\/\/www.ambienteyenergia.gob.ec\/ambiente\/wp-json\/wp\/v2\/users\/13"}],"replies":[{"embeddable":true,"href":"https:\/\/www.ambienteyenergia.gob.ec\/ambiente\/wp-json\/wp\/v2\/comments?post=22152"}],"version-history":[{"count":0,"href":"https:\/\/www.ambienteyenergia.gob.ec\/ambiente\/wp-json\/wp\/v2\/posts\/22152\/revisions"}],"wp:featuredmedia":[{"embeddable":true,"href":"https:\/\/www.ambienteyenergia.gob.ec\/ambiente\/wp-json\/wp\/v2\/media\/22153"}],"wp:attachment":[{"href":"https:\/\/www.ambienteyenergia.gob.ec\/ambiente\/wp-json\/wp\/v2\/media?parent=22152"}],"wp:term":[{"taxonomy":"category","embeddable":true,"href":"https:\/\/www.ambienteyenergia.gob.ec\/ambiente\/wp-json\/wp\/v2\/categories?post=22152"},{"taxonomy":"post_tag","embeddable":true,"href":"https:\/\/www.ambienteyenergia.gob.ec\/ambiente\/wp-json\/wp\/v2\/tags?post=22152"}],"curies":[{"name":"wp","href":"https:\/\/api.w.org\/{rel}","templated":true}]}}