{"id":22144,"date":"2014-08-25T12:08:46","date_gmt":"2014-08-25T17:08:46","guid":{"rendered":"http:\/\/www.ambiente.gob.ec\/?p=22144"},"modified":"2014-08-25T12:08:46","modified_gmt":"2014-08-25T17:08:46","slug":"mae-inicio-control-de-avispas-en-sitios-de-visita-del-parque-nacional-galapagos","status":"publish","type":"post","link":"https:\/\/www.ambienteyenergia.gob.ec\/ambiente\/mae-inicio-control-de-avispas-en-sitios-de-visita-del-parque-nacional-galapagos\/","title":{"rendered":"MAE inici\u00f3 control de avispas en sitios de visita del Parque Nacional Gal\u00e1pagos"},"content":{"rendered":"<p style=\"text-align: justify;\">Con la colocaci\u00f3n de aproximadamente 30 trampas para avispas, en los alrededores del Centro de Crianza de Tortugas Gigantes de la Direcci\u00f3n del Parque Nacional Gal\u00e1pagos (DPNG) en Santa Cruz, se inici\u00f3 el control de avispas introducidas en los diferentes sitios de visita del archipi\u00e9lago, cuya presencia aumenta en esta \u00e9poca del a\u00f1o por las condiciones clim\u00e1ticas.<\/p>\n<p style=\"text-align: justify;\">\n<p style=\"text-align: justify;\">Las trampas para avispas consisten en la colocaci\u00f3n de peque\u00f1os recipientes de color amarillo, con un cebo atrayente compuesto por melaza de az\u00facar, que no afecta a otras especies. Las avispas introducidas que son\u00a0 objeto de control, son de la especie <em>polistes versicolor<\/em>, cuya picadura puede resultar en inflamaci\u00f3n y dolor del \u00e1rea afectada.<\/p>\n<p style=\"text-align: justify;\">\n<p style=\"text-align: justify;\">El Ministerio de Ambiente (MAE), a trav\u00e9s de la DPNG, implementar\u00e1 este mismo sistema para los sitios de visita en donde se detecte mayor presencia de estas avispas introducidas, a fin de reducir el riesgo de picaduras a los turistas durante los recorridos.<\/p>\n<p style=\"text-align: justify;\">\n<p style=\"text-align: justify;\">El uso de protectores solares o cremas puede resultar atractivo para las avispas, en especial aquellos cuyos compuestos contienen aromas frutales, por lo que los expertos recomiendan tomar precauciones en su uso.<\/p>\n","protected":false},"excerpt":{"rendered":"<p class=\"excerpt\">Con la colocaci\u00f3n de aproximadamente 30 trampas para avispas, en los alrededores del Centro de Crianza de Tortugas Gigantes de la Direcci\u00f3n del Parque Nacional Gal\u00e1pagos (DPNG) en Santa Cruz, se inici\u00f3 el control de avispas introducidas en los diferentes sitios de visita del archipi\u00e9lago, cuya presencia aumenta en esta \u00e9poca del a\u00f1o por las condiciones clim\u00e1ticas. Las trampas para&hellip; <a href=\"https:\/\/www.ambienteyenergia.gob.ec\/ambiente\/mae-inicio-control-de-avispas-en-sitios-de-visita-del-parque-nacional-galapagos\/\">Read more &rarr;<\/a><\/p>\n","protected":false},"author":13,"featured_media":22145,"comment_status":"open","ping_status":"open","sticky":false,"template":"","format":"standard","meta":{"footnotes":""},"categories":[16,4],"tags":[],"class_list":["post-22144","post","type-post","status-publish","format-standard","has-post-thumbnail","hentry","category-comunicamos","category-noticias","xfolkentry"],"_links":{"self":[{"href":"https:\/\/www.ambienteyenergia.gob.ec\/ambiente\/wp-json\/wp\/v2\/posts\/22144","targetHints":{"allow":["GET"]}}],"collection":[{"href":"https:\/\/www.ambienteyenergia.gob.ec\/ambiente\/wp-json\/wp\/v2\/posts"}],"about":[{"href":"https:\/\/www.ambienteyenergia.gob.ec\/ambiente\/wp-json\/wp\/v2\/types\/post"}],"author":[{"embeddable":true,"href":"https:\/\/www.ambienteyenergia.gob.ec\/ambiente\/wp-json\/wp\/v2\/users\/13"}],"replies":[{"embeddable":true,"href":"https:\/\/www.ambienteyenergia.gob.ec\/ambiente\/wp-json\/wp\/v2\/comments?post=22144"}],"version-history":[{"count":0,"href":"https:\/\/www.ambienteyenergia.gob.ec\/ambiente\/wp-json\/wp\/v2\/posts\/22144\/revisions"}],"wp:featuredmedia":[{"embeddable":true,"href":"https:\/\/www.ambienteyenergia.gob.ec\/ambiente\/wp-json\/wp\/v2\/media\/22145"}],"wp:attachment":[{"href":"https:\/\/www.ambienteyenergia.gob.ec\/ambiente\/wp-json\/wp\/v2\/media?parent=22144"}],"wp:term":[{"taxonomy":"category","embeddable":true,"href":"https:\/\/www.ambienteyenergia.gob.ec\/ambiente\/wp-json\/wp\/v2\/categories?post=22144"},{"taxonomy":"post_tag","embeddable":true,"href":"https:\/\/www.ambienteyenergia.gob.ec\/ambiente\/wp-json\/wp\/v2\/tags?post=22144"}],"curies":[{"name":"wp","href":"https:\/\/api.w.org\/{rel}","templated":true}]}}