{"id":22140,"date":"2014-08-25T09:50:18","date_gmt":"2014-08-25T14:50:18","guid":{"rendered":"http:\/\/www.ambiente.gob.ec\/?p=22140"},"modified":"2014-08-25T09:50:18","modified_gmt":"2014-08-25T14:50:18","slug":"mae-brinda-capacitaciones-sobre-buenas-practicas-ambientales","status":"publish","type":"post","link":"https:\/\/www.ambienteyenergia.gob.ec\/ambiente\/mae-brinda-capacitaciones-sobre-buenas-practicas-ambientales\/","title":{"rendered":"MAE brinda capacitaciones sobre Buenas Pr\u00e1cticas Ambientales"},"content":{"rendered":"<p style=\"text-align: justify;\">220\u00a0 ni\u00f1as, ni\u00f1os y j\u00f3venes recibieron charlas sobre Buenas Pr\u00e1cticas Ambientales que pertenecen a las comunidades de La Magdalena y Cochas, en la parroquia de Angochagua, cant\u00f3n Ibarra.<\/p>\n<p style=\"text-align: justify;\">\nEl Ministerio del Ambiente de Ecuador (MAE), a trav\u00e9s de la Direcci\u00f3n Provincial del Ambiente de Imbabura, realiz\u00f3 una capacitaci\u00f3n sobre el buen uso de papel, el buen uso de agua, reducci\u00f3n de desechos s\u00f3lidos y ahorro de energ\u00eda el\u00e9ctrica.<\/p>\n<p>Los beneficiaros de estas jornadas educativas, impulsadas por esta Secretar\u00eda de Estado a nivel nacional, se encuentras participando del campamento vacacional organizado por el Gobierno Aut\u00f3nomo de Descentralizado parroquial de Angochagua y el Proyecto FOCI \u2013 CHILDFUND.<\/p>\n<p>Una vez finalizadas estas charlas, los participantes se comprometieron a aplicar las nuevas pr\u00e1cticas aprendidas en sus hogares, escuela y comunidad, con el fin de contribuir al desarrollo de un ambiente saludable en el marco del Buen Vivir en un Ecuador Verde.<\/p>\n","protected":false},"excerpt":{"rendered":"<p class=\"excerpt\">220\u00a0 ni\u00f1as, ni\u00f1os y j\u00f3venes recibieron charlas sobre Buenas Pr\u00e1cticas Ambientales que pertenecen a las comunidades de La Magdalena y Cochas, en la parroquia de Angochagua, cant\u00f3n Ibarra. El Ministerio del Ambiente de Ecuador (MAE), a trav\u00e9s de la Direcci\u00f3n Provincial del Ambiente de Imbabura, realiz\u00f3 una capacitaci\u00f3n sobre el buen uso de papel, el buen uso de agua, reducci\u00f3n&hellip; <a href=\"https:\/\/www.ambienteyenergia.gob.ec\/ambiente\/mae-brinda-capacitaciones-sobre-buenas-practicas-ambientales\/\">Read more &rarr;<\/a><\/p>\n","protected":false},"author":13,"featured_media":22141,"comment_status":"open","ping_status":"open","sticky":false,"template":"","format":"standard","meta":{"footnotes":""},"categories":[16,4],"tags":[],"class_list":["post-22140","post","type-post","status-publish","format-standard","has-post-thumbnail","hentry","category-comunicamos","category-noticias","xfolkentry"],"_links":{"self":[{"href":"https:\/\/www.ambienteyenergia.gob.ec\/ambiente\/wp-json\/wp\/v2\/posts\/22140","targetHints":{"allow":["GET"]}}],"collection":[{"href":"https:\/\/www.ambienteyenergia.gob.ec\/ambiente\/wp-json\/wp\/v2\/posts"}],"about":[{"href":"https:\/\/www.ambienteyenergia.gob.ec\/ambiente\/wp-json\/wp\/v2\/types\/post"}],"author":[{"embeddable":true,"href":"https:\/\/www.ambienteyenergia.gob.ec\/ambiente\/wp-json\/wp\/v2\/users\/13"}],"replies":[{"embeddable":true,"href":"https:\/\/www.ambienteyenergia.gob.ec\/ambiente\/wp-json\/wp\/v2\/comments?post=22140"}],"version-history":[{"count":0,"href":"https:\/\/www.ambienteyenergia.gob.ec\/ambiente\/wp-json\/wp\/v2\/posts\/22140\/revisions"}],"wp:featuredmedia":[{"embeddable":true,"href":"https:\/\/www.ambienteyenergia.gob.ec\/ambiente\/wp-json\/wp\/v2\/media\/22141"}],"wp:attachment":[{"href":"https:\/\/www.ambienteyenergia.gob.ec\/ambiente\/wp-json\/wp\/v2\/media?parent=22140"}],"wp:term":[{"taxonomy":"category","embeddable":true,"href":"https:\/\/www.ambienteyenergia.gob.ec\/ambiente\/wp-json\/wp\/v2\/categories?post=22140"},{"taxonomy":"post_tag","embeddable":true,"href":"https:\/\/www.ambienteyenergia.gob.ec\/ambiente\/wp-json\/wp\/v2\/tags?post=22140"}],"curies":[{"name":"wp","href":"https:\/\/api.w.org\/{rel}","templated":true}]}}