{"id":22128,"date":"2014-08-22T10:20:53","date_gmt":"2014-08-22T15:20:53","guid":{"rendered":"http:\/\/www.ambiente.gob.ec\/?p=22128"},"modified":"2014-08-24T10:31:53","modified_gmt":"2014-08-24T15:31:53","slug":"mae-mejora-infraestructura-de-sitio-de-visita-las-grietas","status":"publish","type":"post","link":"https:\/\/www.ambienteyenergia.gob.ec\/ambiente\/mae-mejora-infraestructura-de-sitio-de-visita-las-grietas\/","title":{"rendered":"MAE mejora infraestructura de sitio de visita Las Grietas"},"content":{"rendered":"<p style=\"color: #666666; text-align: justify;\">El sitio de visita \u201cLas Grietas\u201d ubicado al oeste de Bah\u00eda Academia, en la isla Santa Cruz, se mantiene cerrado desde el pasado lunes 18 de agosto, porque ser\u00e1 intervenido por la Direcci\u00f3n del Parque Nacional Gal\u00e1pagos, del Ministerio del Ambiente, para mejorar las facilidades tur\u00edsticas del mismo.<\/p>\n<p style=\"color: #666666; text-align: justify;\">Los trabajos que ya se est\u00e1n realizando en este sitio de visita, que recibe un flujo diario de 150 turistas aproximadamente, incluyen la adecuaci\u00f3n del sendero desde la zona de la poza de Las Salinas, la instalaci\u00f3n de puentes en puntos estrat\u00e9gicos, escalinata y plataforma para acceder a la grieta, y la renovaci\u00f3n de los letreros interpretativos.<\/p>\n<p style=\"color: #666666; text-align: justify;\">El sitio de visita Las Grietas, es una abertura de roca, en la que se mezcla el agua dulce que se filtra desde la parte alta de la isla, y el agua salada del mar, formando dos capas de agua claramente observables.\u00a0 Las Grietas tiene una profundidad de 12 metros con marea alta y unos 10 metros de ancho en la parte superior.<\/p>\n<p style=\"color: #666666; text-align: justify;\">En el recorrido desde Puerto Ayora, hasta Las Grietas, se existen varias lagunas cerca del sendero en el que se pueden observar aves migratorias y costeras.<\/p>\n<p style=\"color: #666666; text-align: justify;\">La autoridad ambiental estima que el sitio se mantendr\u00e1 cerrado por aproximadamente tres meses, por lo que fomenta el uso de otros sitios de visita de la isla como Tortuga Bay, Garrapatero, El Chato y El Puntudo.<\/p>\n","protected":false},"excerpt":{"rendered":"<p class=\"excerpt\">El sitio de visita \u201cLas Grietas\u201d ubicado al oeste de Bah\u00eda Academia, en la isla Santa Cruz, se mantiene cerrado desde el pasado lunes 18 de agosto, porque ser\u00e1 intervenido por la Direcci\u00f3n del Parque Nacional Gal\u00e1pagos, del Ministerio del Ambiente, para mejorar las facilidades tur\u00edsticas del mismo. Los trabajos que ya se est\u00e1n realizando en este sitio de visita,&hellip; <a href=\"https:\/\/www.ambienteyenergia.gob.ec\/ambiente\/mae-mejora-infraestructura-de-sitio-de-visita-las-grietas\/\">Read more &rarr;<\/a><\/p>\n","protected":false},"author":13,"featured_media":22129,"comment_status":"open","ping_status":"open","sticky":false,"template":"","format":"standard","meta":{"footnotes":""},"categories":[16,4],"tags":[394,53],"class_list":["post-22128","post","type-post","status-publish","format-standard","has-post-thumbnail","hentry","category-comunicamos","category-noticias","tag-direccion-del-parque-nacional-galapagos","tag-mae","xfolkentry"],"_links":{"self":[{"href":"https:\/\/www.ambienteyenergia.gob.ec\/ambiente\/wp-json\/wp\/v2\/posts\/22128","targetHints":{"allow":["GET"]}}],"collection":[{"href":"https:\/\/www.ambienteyenergia.gob.ec\/ambiente\/wp-json\/wp\/v2\/posts"}],"about":[{"href":"https:\/\/www.ambienteyenergia.gob.ec\/ambiente\/wp-json\/wp\/v2\/types\/post"}],"author":[{"embeddable":true,"href":"https:\/\/www.ambienteyenergia.gob.ec\/ambiente\/wp-json\/wp\/v2\/users\/13"}],"replies":[{"embeddable":true,"href":"https:\/\/www.ambienteyenergia.gob.ec\/ambiente\/wp-json\/wp\/v2\/comments?post=22128"}],"version-history":[{"count":0,"href":"https:\/\/www.ambienteyenergia.gob.ec\/ambiente\/wp-json\/wp\/v2\/posts\/22128\/revisions"}],"wp:featuredmedia":[{"embeddable":true,"href":"https:\/\/www.ambienteyenergia.gob.ec\/ambiente\/wp-json\/wp\/v2\/media\/22129"}],"wp:attachment":[{"href":"https:\/\/www.ambienteyenergia.gob.ec\/ambiente\/wp-json\/wp\/v2\/media?parent=22128"}],"wp:term":[{"taxonomy":"category","embeddable":true,"href":"https:\/\/www.ambienteyenergia.gob.ec\/ambiente\/wp-json\/wp\/v2\/categories?post=22128"},{"taxonomy":"post_tag","embeddable":true,"href":"https:\/\/www.ambienteyenergia.gob.ec\/ambiente\/wp-json\/wp\/v2\/tags?post=22128"}],"curies":[{"name":"wp","href":"https:\/\/api.w.org\/{rel}","templated":true}]}}