{"id":22125,"date":"2014-08-22T21:03:37","date_gmt":"2014-08-23T02:03:37","guid":{"rendered":"http:\/\/www.ambiente.gob.ec\/?p=22125"},"modified":"2014-08-24T10:07:58","modified_gmt":"2014-08-24T15:07:58","slug":"proyecto-pacc-y-prefectura-de-los-rios-organizaron-taller-informativo-sobre-cambio-climatico-gestion-de-riesgos-y-fenomeno-del-nino","status":"publish","type":"post","link":"https:\/\/www.ambienteyenergia.gob.ec\/ambiente\/proyecto-pacc-y-prefectura-de-los-rios-organizaron-taller-informativo-sobre-cambio-climatico-gestion-de-riesgos-y-fenomeno-del-nino\/","title":{"rendered":"Proyecto PACC y Prefectura de Los R\u00edos, organizaron Taller informativo sobre Cambio Clim\u00e1tico, Gesti\u00f3n de Riesgos y Fen\u00f3meno del Ni\u00f1o"},"content":{"rendered":"<p style=\"text-align: justify;\"><span style=\"color: #000000;\">El Proyecto de Adaptaci\u00f3n al Cambio Clim\u00e1tico\u00a0 a trav\u00e9s de\u00a0 una efectiva gobernabilidad del agua en el Ecuador (PACC) de la Subsecretar\u00eda de Cambio Clim\u00e1tico del Ministerio del Ambiente (MAE), en conjunto con el Gobierno Provincial de Los R\u00edos, desarrollaron un Taller informativo para tratar los temas Cambio Clim\u00e1tico y sus efectos, Fen\u00f3meno del Ni\u00f1o y Gesti\u00f3n de Riesgos en la provincia de Los R\u00edos.\u00a0 A este evento asistieron t\u00e9cnicos de los Gobiernos Aut\u00f3nomos Descentralizados (GADs) cantonales de la provincia, miembros de comunidades y docentes de Instituciones Universitarias.<\/span><span style=\"color: #000000;\">\u00a0<\/span><br style=\"color: #000000;\" \/><br style=\"color: #000000;\" \/><span style=\"color: #000000;\">Colaboraron adem\u00e1s otras instituciones como la Direcci\u00f3n General de Intereses<\/span><span style=\"color: #000000;\">\u00a0<\/span><span id=\"OBJ_PREFIX_DWT314_com_zimbra_date\" class=\"Object\" style=\"color: #00008b;\"><span id=\"OBJ_PREFIX_DWT6376_com_zimbra_date\" class=\"Object\" style=\"color: #00008b;\"><span id=\"OBJ_PREFIX_DWT1170_com_zimbra_date\" class=\"Object\" style=\"color: #00008b;\">Mar<\/span><\/span><\/span><span style=\"color: #000000;\">\u00edtimos (DIGEIM) quienes trataron la importancia del cuidado de las cuencas hidrogr\u00e1ficas y su influencia en los oc\u00e9anos. Funcionarios del Instituto Nacional de Hidrolog\u00eda y Meteorolog\u00eda del Ecuador (INAMHI), explicaron\u00a0 el\u00a0 \u201cFen\u00f3meno El Ni\u00f1o\u201d, las condiciones actuales y proyecciones sobre su presencia o ausencia en el Ecuador.<\/span><br style=\"color: #000000;\" \/><br style=\"color: #000000;\" \/><span style=\"color: #000000;\">El GAD provincial por su lado, present\u00f3 los resultados de su trabajo de identificaci\u00f3n de zonas de riesgo en la provincia y proyectos propuestos para disminuir la vulnerabilidad de los habitantes. Por parte de la Subsecretar\u00eda de Cambio Clim\u00e1tico, t\u00e9cnicos del proyecto PACC, explicaron el cambio clim\u00e1tico y sus efectos en el Ecuador, realizaron adem\u00e1s una presentaci\u00f3n de resultados del proyecto PACC en la implementaci\u00f3n de medidas de adaptaci\u00f3n enfocadas al manejo adecuado del recurso h\u00eddrico.<\/span><span style=\"color: #000000;\">\u00a0<\/span><br style=\"color: #000000;\" \/><br style=\"color: #000000;\" \/><span style=\"color: #000000;\">Estos talleres tienen como finalidad la difusi\u00f3n de informaci\u00f3n a los actores en territorio y fortalecer los lazos interinstitucionales que de viabilicen acciones conjuntas a futuro en beneficio de las zonas m\u00e1s vulnerables.<\/span><\/p>\n","protected":false},"excerpt":{"rendered":"<p class=\"excerpt\">El Proyecto de Adaptaci\u00f3n al Cambio Clim\u00e1tico\u00a0 a trav\u00e9s de\u00a0 una efectiva gobernabilidad del agua en el Ecuador (PACC) de la Subsecretar\u00eda de Cambio Clim\u00e1tico del Ministerio del Ambiente (MAE), en conjunto con el Gobierno Provincial de Los R\u00edos, desarrollaron un Taller informativo para tratar los temas Cambio Clim\u00e1tico y sus efectos, Fen\u00f3meno del Ni\u00f1o y Gesti\u00f3n de Riesgos en&hellip; <a href=\"https:\/\/www.ambienteyenergia.gob.ec\/ambiente\/proyecto-pacc-y-prefectura-de-los-rios-organizaron-taller-informativo-sobre-cambio-climatico-gestion-de-riesgos-y-fenomeno-del-nino\/\">Read more &rarr;<\/a><\/p>\n","protected":false},"author":13,"featured_media":22126,"comment_status":"open","ping_status":"open","sticky":false,"template":"","format":"standard","meta":{"footnotes":""},"categories":[16,4],"tags":[133],"class_list":["post-22125","post","type-post","status-publish","format-standard","has-post-thumbnail","hentry","category-comunicamos","category-noticias","tag-cambio-climatico","xfolkentry"],"_links":{"self":[{"href":"https:\/\/www.ambienteyenergia.gob.ec\/ambiente\/wp-json\/wp\/v2\/posts\/22125","targetHints":{"allow":["GET"]}}],"collection":[{"href":"https:\/\/www.ambienteyenergia.gob.ec\/ambiente\/wp-json\/wp\/v2\/posts"}],"about":[{"href":"https:\/\/www.ambienteyenergia.gob.ec\/ambiente\/wp-json\/wp\/v2\/types\/post"}],"author":[{"embeddable":true,"href":"https:\/\/www.ambienteyenergia.gob.ec\/ambiente\/wp-json\/wp\/v2\/users\/13"}],"replies":[{"embeddable":true,"href":"https:\/\/www.ambienteyenergia.gob.ec\/ambiente\/wp-json\/wp\/v2\/comments?post=22125"}],"version-history":[{"count":0,"href":"https:\/\/www.ambienteyenergia.gob.ec\/ambiente\/wp-json\/wp\/v2\/posts\/22125\/revisions"}],"wp:featuredmedia":[{"embeddable":true,"href":"https:\/\/www.ambienteyenergia.gob.ec\/ambiente\/wp-json\/wp\/v2\/media\/22126"}],"wp:attachment":[{"href":"https:\/\/www.ambienteyenergia.gob.ec\/ambiente\/wp-json\/wp\/v2\/media?parent=22125"}],"wp:term":[{"taxonomy":"category","embeddable":true,"href":"https:\/\/www.ambienteyenergia.gob.ec\/ambiente\/wp-json\/wp\/v2\/categories?post=22125"},{"taxonomy":"post_tag","embeddable":true,"href":"https:\/\/www.ambienteyenergia.gob.ec\/ambiente\/wp-json\/wp\/v2\/tags?post=22125"}],"curies":[{"name":"wp","href":"https:\/\/api.w.org\/{rel}","templated":true}]}}