{"id":22122,"date":"2014-08-24T09:53:20","date_gmt":"2014-08-24T14:53:20","guid":{"rendered":"http:\/\/www.ambiente.gob.ec\/?p=22122"},"modified":"2014-08-24T09:53:20","modified_gmt":"2014-08-24T14:53:20","slug":"mae-conmemora-el-dia-internacional-de-los-parques-nacionales","status":"publish","type":"post","link":"https:\/\/www.ambienteyenergia.gob.ec\/ambiente\/mae-conmemora-el-dia-internacional-de-los-parques-nacionales\/","title":{"rendered":"MAE conmemora el D\u00eda Internacional de los Parques Nacionales"},"content":{"rendered":"<p style=\"text-align: justify;\">Hoy, el Ministerio del Ambiente celebra un a\u00f1o m\u00e1s del D\u00eda Internacional de los Parques Nacionales con el objetivo de recordar la gran importancia ambiental de estos espacios que albergan un sinn\u00famero de especies de flora y fauna. El 24 de agosto fue elegido dentro del calendario ecol\u00f3gico como un d\u00eda en el que se recuerda la importancia que tiene la conservaci\u00f3n de cada una de las especies existentes en estos ecosistemas, para evitar su extinci\u00f3n y as\u00ed garantizar su cuidado y protecci\u00f3n.<\/p>\n<p style=\"text-align: justify;\">Los Parques Nacionales son una categor\u00eda de manejo de las 8 categor\u00edas que establece la legislaci\u00f3n nacional, significa entonces que no todas las \u00e1reas protegidas se pueden catalogar como tal, existiendo adem\u00e1s Reservas Biol\u00f3gicas, Reservas Ecol\u00f3gicas, Refugios de Vida Silvestre, \u00c1reas Nacionales de Recreaci\u00f3n, entre otras, cada una con caracter\u00edsticas \u00fanicas.<\/p>\n<p style=\"text-align: justify;\">Nuestro pa\u00eds cuanta con 11 parques nacional que integran el Sistema Nacional de \u00c1reas Protegidas y se ubican en 18 provincias, con el objetivo de proteger ecosistemas fr\u00e1giles, proteger recursos naturales y culturales. Adem\u00e1s son espacios que facilitan la restauraci\u00f3n integral de ecosistemas espec\u00edficos y permite adem\u00e1s la recuperaci\u00f3n de especies en peligro.<\/p>\n<p style=\"text-align: justify;\">Es por tal motivo que esta Secretar\u00eda de Estado ha implementado varias estrategias con el fin de conservar y generar espacios tur\u00edsticos en las 3 355 281 hect\u00e1reas terrestres y 14 430 marinas, ellas\u00a0 los Planes de Manejo con la participaci\u00f3n de la comunidad, para asegurar la conservaci\u00f3n y utilizaci\u00f3n sustentable de la biodiversidad; entre estos est\u00e1n:<\/p>\n<ul style=\"text-align: justify;\">\n<li>Administraci\u00f3n y Planificaci\u00f3n<\/li>\n<li>Uso P\u00fablico y Turismo<\/li>\n<li>Comunicaci\u00f3n, Educaci\u00f3n y Participaci\u00f3n Ambiental<\/li>\n<li>Manejo de Biodiversidad\u00f18<\/li>\n<li>Control y Vigilancia<\/li>\n<\/ul>\n<p style=\"text-align: justify;\">En la actualidad el sistema nacional de parques nacionales cuenta con un total de 492 guardaparques, que cuentan con los conocimientos necesarios en relaci\u00f3n a guianza, ecoturismo, educaci\u00f3n ambiental, cuidado y protecci\u00f3n del ambiente, con lo cual hacen de la visita a estos espacios de descanso, observaci\u00f3n e investigaci\u00f3n una alternativa para conocer nuestro Ecuador Verde.<\/p>\n<p style=\"text-align: justify;\">Para la Ministra del Ambiente, Lorena Tapia, uno de los pilares fundamentales para el desarrollo sostenible de nuestro pa\u00eds, es el reconocimiento de estos espacios naturales que albergan ecosistemas ricos en biodiversidad. \u00abEcuador cuenta en la actualidad con el 20% de su territorio dentro del Sistema Nacional de \u00c1reas Protegidas, que no solo est\u00e1n limitadas a la investigaci\u00f3n, sino que son un espacio social y de libre ingreso para los ciudadanos, raz\u00f3n por la cual la visita a estos lugares emblem\u00e1ticos de nuestro patrimonio natural ha crecido en un 300%\u00bb enfatiz\u00f3 Tapia.<\/p>\n<p style=\"text-align: justify;\">En lo que va del a\u00f1o se han registrado un total de 247 973 visitas a los parques nacionales continentales y un total de 89 033 al Parque Nacional Gal\u00e1pagos, reforzando as\u00ed el compromiso del Gobierno de la Revoluci\u00f3n Ciudadana por que estos espacios sean un bien p\u00fablico, en el que todos los ecuatorianos contribuimos para su conservaci\u00f3n.<\/p>\n","protected":false},"excerpt":{"rendered":"<p class=\"excerpt\">Hoy, el Ministerio del Ambiente celebra un a\u00f1o m\u00e1s del D\u00eda Internacional de los Parques Nacionales con el objetivo de recordar la gran importancia ambiental de estos espacios que albergan un sinn\u00famero de especies de flora y fauna. El 24 de agosto fue elegido dentro del calendario ecol\u00f3gico como un d\u00eda en el que se recuerda la importancia que tiene&hellip; <a href=\"https:\/\/www.ambienteyenergia.gob.ec\/ambiente\/mae-conmemora-el-dia-internacional-de-los-parques-nacionales\/\">Read more &rarr;<\/a><\/p>\n","protected":false},"author":13,"featured_media":22123,"comment_status":"open","ping_status":"open","sticky":false,"template":"","format":"standard","meta":{"footnotes":""},"categories":[16,4],"tags":[53,547],"class_list":["post-22122","post","type-post","status-publish","format-standard","has-post-thumbnail","hentry","category-comunicamos","category-noticias","tag-mae","tag-parque-nacional","xfolkentry"],"_links":{"self":[{"href":"https:\/\/www.ambienteyenergia.gob.ec\/ambiente\/wp-json\/wp\/v2\/posts\/22122","targetHints":{"allow":["GET"]}}],"collection":[{"href":"https:\/\/www.ambienteyenergia.gob.ec\/ambiente\/wp-json\/wp\/v2\/posts"}],"about":[{"href":"https:\/\/www.ambienteyenergia.gob.ec\/ambiente\/wp-json\/wp\/v2\/types\/post"}],"author":[{"embeddable":true,"href":"https:\/\/www.ambienteyenergia.gob.ec\/ambiente\/wp-json\/wp\/v2\/users\/13"}],"replies":[{"embeddable":true,"href":"https:\/\/www.ambienteyenergia.gob.ec\/ambiente\/wp-json\/wp\/v2\/comments?post=22122"}],"version-history":[{"count":0,"href":"https:\/\/www.ambienteyenergia.gob.ec\/ambiente\/wp-json\/wp\/v2\/posts\/22122\/revisions"}],"wp:featuredmedia":[{"embeddable":true,"href":"https:\/\/www.ambienteyenergia.gob.ec\/ambiente\/wp-json\/wp\/v2\/media\/22123"}],"wp:attachment":[{"href":"https:\/\/www.ambienteyenergia.gob.ec\/ambiente\/wp-json\/wp\/v2\/media?parent=22122"}],"wp:term":[{"taxonomy":"category","embeddable":true,"href":"https:\/\/www.ambienteyenergia.gob.ec\/ambiente\/wp-json\/wp\/v2\/categories?post=22122"},{"taxonomy":"post_tag","embeddable":true,"href":"https:\/\/www.ambienteyenergia.gob.ec\/ambiente\/wp-json\/wp\/v2\/tags?post=22122"}],"curies":[{"name":"wp","href":"https:\/\/api.w.org\/{rel}","templated":true}]}}