{"id":22117,"date":"2014-08-22T20:32:57","date_gmt":"2014-08-23T01:32:57","guid":{"rendered":"http:\/\/www.ambiente.gob.ec\/?p=22117"},"modified":"2014-08-22T20:32:57","modified_gmt":"2014-08-23T01:32:57","slug":"ministra-lorena-tapia-refuerza-compromiso-ambiental-en-loja","status":"publish","type":"post","link":"https:\/\/www.ambienteyenergia.gob.ec\/ambiente\/ministra-lorena-tapia-refuerza-compromiso-ambiental-en-loja\/","title":{"rendered":"Ministra Lorena Tapia refuerza compromiso ambiental en Loja"},"content":{"rendered":"<p style=\"text-align: justify;\">Hoy, la Ministra del Ambiente, Lorena Tapia, particip\u00f3 en varias reuniones con autoridades de la provincia de Loja en el marco de su agenda territorial que lleva a cabo en el\u00a0 sur del pa\u00eds\u00a0 con el objetivo de\u00a0 realizar un acercamiento directo con todos los actores provinciales, para lograr\u00a0un trabajo conjunto en pro de un Ecuador Verde.<\/p>\n<p style=\"text-align: justify;\">En las primeras horas de la ma\u00f1ana, la M\u00e1xima Autoridad Ambiental se reuni\u00f3 con el Alcalde del cant\u00f3n Loja, Jos\u00e9 Bol\u00edvar Castillo, en el municipio de esta ciudad con el objetivo de establecer planteamientos de trabajo articulado entre las dos instituciones.<\/p>\n<p style=\"text-align: justify;\">\u00abEsta es una oportunidad de establecer mecanismos de cooperaci\u00f3n para continuar con el trabajo que se viene realizando en esta provincia. Adem\u00e1s esta es una ocasi\u00f3n en la que en conjunto podremos analizar las buenas iniciativas implementadas por el alcalde, con el fin de replicarlas a nivel nacional, en cumplimiento de la normativa ambiental vigente\u00bb manifest\u00f3 Tapia.<\/p>\n<p style=\"text-align: justify;\">Durante la reuni\u00f3n las dos autoridades pudieron dialogar sobre el programa nacional de Desechos S\u00f3lidos, que tiene como meta hasta el a\u00f1o 2017, eliminar en todo el territorio nacional, los botaderos a cielo abierto, esto como parte del Plan Nacional de Manejo de Residuos S\u00f3lidos.<\/p>\n<p style=\"text-align: justify;\">Por su parte el Alcalde Castillo resalt\u00f3 que Loja es la ciudad pionera en materia de recolecci\u00f3n, manejo y disposici\u00f3n final de residuos, cuenta con un sistema de clasificaci\u00f3n de desechos, de los cuales el 70% es reciclado, a trav\u00e9s de su Planta de Tratamiento de Desechos que se encarga del tratamiento de los residuos biodegradables y no degradables para su posterior utilizaci\u00f3n en diferentes iniciativas municipales.<\/p>\n<p style=\"text-align: justify;\">Gracias al apoyo del Gobierno Nacional este tipo de iniciativas se han convertido en un hito de sostenibilidad ambiental en toda la regi\u00f3n, que busca brindar a toda la ciudadan\u00eda un ambiente adecuado para el desarrollo de una sociedad del buen vivir, desde todos los \u00e1mbitos sociales.<\/p>\n<p style=\"text-align: justify;\">Otro de los temas que se trataron en la reuni\u00f3n fue la priorizaci\u00f3n de los recursos naturales de Loja, tomando como punto de partida las dos reservas de biosfera con las que cuenta esta provincia, el Parque Podocarpus El C\u00f3ndor y Mancominidad Bosque Seco que son referentes nacionales de conservaci\u00f3n gracias al apoyo de esta Cartera de Estado y su Sistema Nacional de \u00c1reas Protegidas.<\/p>\n<p style=\"text-align: justify;\">\u00abEcuador cuenta en la actualidad con el 20% de su territorio dentro del Sistema Nacional de \u00c1reas Protegidas, que no solo est\u00e1n limitadas a la investigaci\u00f3n, sino que son un espacio social y de libre ingreso para los ciudadanos, raz\u00f3n por la cual la visita a estos lugares emblem\u00e1ticos de nuestro patrimonio natural ha crecido en un 300%\u00bb enfatiz\u00f3 Tapia.<\/p>\n<p style=\"text-align: justify;\">El Programa de Restauraci\u00f3n Forestal, fue otro de los temas que se trat\u00f3 en la mesa de trabajo con la autoridad municipal, en la cual se busca que Loja se integr\u00e9 a este plan nacional que tiene como meta reforestar 100 000 hect\u00e1reas de bosques nativos hasta finales de 2014 y 500 000 hect\u00e1reas hasta 2017, raz\u00f3n por la cual el v\u00ednculo de todos los actores pol\u00edticos y sociales es fundamental para cumplir este gran objetivo en aras de un Ecuador Verde.<\/p>\n<p style=\"text-align: justify;\">Una vez finalizada la reuni\u00f3n, el alcalde lejano invit\u00f3 a los asistentes a un recorrido por el \u00c1rea de Recreaci\u00f3n Jipiro que cuenta con una gran laguna y var\u00edes especies de aves nativas entre ellas el carpintero, chilalo, tordo, chirote, mariposero, entre otros. Adem\u00e1s este espacio cuenta con 9 estructuras que representan los grandes troncos etnoculturales de la humanidad.<\/p>\n<p style=\"text-align: justify;\">Posteriormente, la Ministra del Ambiente realiz\u00f3 un recorrido por el Zool\u00f3gico Municipal Parque Orillas del Zamora en donde conoci\u00f3 el plan de mejora para el lugar, que prev\u00e9 incrementar su \u00e1rea a tres hect\u00e1reas y as\u00ed incrementar las especies existentes como monos, tapires, osos de anteojos, varias especies de aves, entre otros.<\/p>\n<p style=\"text-align: justify;\">Una vez finalizado este recorrido, Tapia reconoci\u00f3 que los animales de vida silvestre que habitan en el zool\u00f3gico cuentan con las condiciones necesarias para su bienestar y se comprometi\u00f3 a brindar asesor\u00eda t\u00e9cnica para el Plan que debe cumplir con todos los lineamientos necesarios de acuerdo a la normativa ambiental vigente. Adem\u00e1s aclar\u00f3 que el plan no solo tiene como objetivo readecuar este espacio con fines tur\u00edsticos sino que contar\u00e1 con un centro de investigaci\u00f3n muy valioso del pa\u00eds.<\/p>\n<p style=\"text-align: justify;\">Por la tarde, la M\u00e1xima Autoridad Ambiental particip\u00f3 en una reuni\u00f3n de trabajo con alcaldes de los cantones que conforman la Mancomunidad de Municipalidades Bosque Seco conformada por los cantones de Celica, Paltas, Pindal, Puyango, Macar\u00e1 y Zapotillo, parte sur de la provincia de Loja.<\/p>\n<p style=\"text-align: justify;\">Durante esta jornada\u00a0 se realiz\u00f3 la presentaci\u00f3n de la agenda para el lanzamiento y posicionamiento de la reserva de biosfera de bosque seco en los \u00e1mbitos local, nacional e internacional, declarada el pasado 12 de junio de 2014 por la UNESCO.<\/p>\n<p style=\"text-align: justify;\">Esta Reserva de biosfera esta conformada por 8 cantones; 7 de la provincia de Loja (Celica, Paltas, Pindal, Puyango, Macar\u00e1, Zapotillo y Sozoranga) y 1 cant\u00f3n de la provincia de El Oro (Las Lajas),\u00a0 tiene una extensi\u00f3n de 501 040 hect\u00e1reas y beneficiar\u00e1 a cerca de conformada 106 000 habitantes.<\/p>\n<p style=\"text-align: justify;\">La declaratoria de la UNESCO traer\u00e1 varios beneficios a la mancomunidad al poseer gran diversidad biol\u00f3gica y buen estado de conservaci\u00f3n, lo que permitir\u00e1 la generaci\u00f3n de pol\u00edticas p\u00fablicas y acciones favorables para la conservaci\u00f3n, investigaci\u00f3n, turismo, sistemas productivos e inclusi\u00f3n social. Adem\u00e1s los productos y servicios generados en la reserva de biosfera tiene un valor agregado para su comercializaci\u00f3n.<\/p>\n<p style=\"text-align: justify;\">Como parte de los planes de trabajo, la mancomunidad de municipalidades viene efectuando el programa de reforestaci\u00f3n que hasta la fecha han intervenido en cerca de 2 200 hect\u00e1reas en todas las parroquias de los seis cantones involucrados.<\/p>\n<p style=\"text-align: justify;\">El manejo de recursos naturales y ambientales es una de las prioridades para el desarrollo de esta mancomunidad, raz\u00f3n por la cual un equipo t\u00e9cnico realiza tareas de an\u00e1lisis de los servicios de agua potable y plantas de tratamiento, con equipos de alta calidad que corresponden a las fases 2 y 3 de este macro proyecto. Adem\u00e1s se llevan a cabo programas de manejo de residuos s\u00f3lidos con el objetivo de concienciar a la poblaci\u00f3n en temas de reparaci\u00f3n de residuos, manejo y disposici\u00f3n final, para contribuir de esta manera a un desarrollo \u00f3ptimo del plan del buen vivir.<\/p>\n","protected":false},"excerpt":{"rendered":"<p class=\"excerpt\">Hoy, la Ministra del Ambiente, Lorena Tapia, particip\u00f3 en varias reuniones con autoridades de la provincia de Loja en el marco de su agenda territorial que lleva a cabo en el\u00a0 sur del pa\u00eds\u00a0 con el objetivo de\u00a0 realizar un acercamiento directo con todos los actores provinciales, para lograr\u00a0un trabajo conjunto en pro de un Ecuador Verde. En las primeras&hellip; <a href=\"https:\/\/www.ambienteyenergia.gob.ec\/ambiente\/ministra-lorena-tapia-refuerza-compromiso-ambiental-en-loja\/\">Read more &rarr;<\/a><\/p>\n","protected":false},"author":13,"featured_media":22118,"comment_status":"open","ping_status":"open","sticky":false,"template":"","format":"standard","meta":{"footnotes":""},"categories":[16,4],"tags":[221,108,53],"class_list":["post-22117","post","type-post","status-publish","format-standard","has-post-thumbnail","hentry","category-comunicamos","category-noticias","tag-loja","tag-lorena-tapia","tag-mae","xfolkentry"],"_links":{"self":[{"href":"https:\/\/www.ambienteyenergia.gob.ec\/ambiente\/wp-json\/wp\/v2\/posts\/22117","targetHints":{"allow":["GET"]}}],"collection":[{"href":"https:\/\/www.ambienteyenergia.gob.ec\/ambiente\/wp-json\/wp\/v2\/posts"}],"about":[{"href":"https:\/\/www.ambienteyenergia.gob.ec\/ambiente\/wp-json\/wp\/v2\/types\/post"}],"author":[{"embeddable":true,"href":"https:\/\/www.ambienteyenergia.gob.ec\/ambiente\/wp-json\/wp\/v2\/users\/13"}],"replies":[{"embeddable":true,"href":"https:\/\/www.ambienteyenergia.gob.ec\/ambiente\/wp-json\/wp\/v2\/comments?post=22117"}],"version-history":[{"count":0,"href":"https:\/\/www.ambienteyenergia.gob.ec\/ambiente\/wp-json\/wp\/v2\/posts\/22117\/revisions"}],"wp:featuredmedia":[{"embeddable":true,"href":"https:\/\/www.ambienteyenergia.gob.ec\/ambiente\/wp-json\/wp\/v2\/media\/22118"}],"wp:attachment":[{"href":"https:\/\/www.ambienteyenergia.gob.ec\/ambiente\/wp-json\/wp\/v2\/media?parent=22117"}],"wp:term":[{"taxonomy":"category","embeddable":true,"href":"https:\/\/www.ambienteyenergia.gob.ec\/ambiente\/wp-json\/wp\/v2\/categories?post=22117"},{"taxonomy":"post_tag","embeddable":true,"href":"https:\/\/www.ambienteyenergia.gob.ec\/ambiente\/wp-json\/wp\/v2\/tags?post=22117"}],"curies":[{"name":"wp","href":"https:\/\/api.w.org\/{rel}","templated":true}]}}