{"id":22113,"date":"2014-08-22T18:47:42","date_gmt":"2014-08-22T23:47:42","guid":{"rendered":"http:\/\/www.ambiente.gob.ec\/?p=22113"},"modified":"2014-08-22T19:12:41","modified_gmt":"2014-08-23T00:12:41","slug":"mae-retuvo-6954-metros-cubicos-de-producto-forestal-en-morona-santiago","status":"publish","type":"post","link":"https:\/\/www.ambienteyenergia.gob.ec\/ambiente\/mae-retuvo-6954-metros-cubicos-de-producto-forestal-en-morona-santiago\/","title":{"rendered":"MAE retuvo 69,54 metros c\u00fabicos de producto forestal en Morona Santiago"},"content":{"rendered":"<p style=\"text-align: justify;\">Del 01 al 22 de agosto de este a\u00f1o, el Ministerio del Ambiente (MAE), en coordinaci\u00f3n con el Ej\u00e9rcito ecuatoriano, retuvo ocho veh\u00edculos que transportaban 69,54 metros c\u00fabicos de producto forestal, sin la debida documentaci\u00f3n y justificaci\u00f3n, en diversos operativos de control en la provincia de Morona Santiago.<\/p>\n<p>Durante estas jornadas, en las que participaron funcionarios de la Direcci\u00f3n Provincial de Ambiente de Morona Santiago, Unidad de Patrimonio Natural, Supervisores Forestales M\u00f3viles y Fijos de la Direcci\u00f3n Nacional Forestal del MAE y miembros de la Brigada de Selva 21 C\u00f3ndor de Patuca del Ejercito; se determin\u00f3 que de los ochos veh\u00edculos, cinco no contaban con la correspondiente gu\u00eda de circulaci\u00f3n, y tres transportaban producto forestal diferente al declarado oficialmente.<\/p>\n<p>El producto forestal \u00a0retenido se encuentra bajo custodia del MAE en Morona Santiago, hasta que se determine a los responsables de esta actividad il\u00edcita, mediante proceso administrativo.<\/p>\n<p style=\"text-align: justify;\"><strong>M\u00e1s datos<\/strong><\/p>\n<ul>\n<li style=\"text-align: justify;\">Seg\u00fan un promedio mensual, en la provincia de Morona Santiago se aprueban 3.390,59 metros c\u00fabicos, del cuales se aprovecha un volumen de 1.047,55 metros c\u00fabicos, y se movilizan 541,54 metros c\u00fabicos de madera legal.<\/li>\n<li style=\"text-align: justify;\">Tomando en cuenta el volumen movilizado versus el volumen aprobado, se establece que tan solo el 15.97% se transporta mensualmente. Seg\u00fan los madereros legales, ello se debe a que guardan el producto forestal para cuando \u00e9ste adquiera un mejor precio, ya que existe madera ilegal de otros sectores que es movilizada hacia el principal mercado que se ubica en las provincias del Azuay y Ca\u00f1ar.<\/li>\n<\/ul>\n","protected":false},"excerpt":{"rendered":"<p class=\"excerpt\">Del 01 al 22 de agosto de este a\u00f1o, el Ministerio del Ambiente (MAE), en coordinaci\u00f3n con el Ej\u00e9rcito ecuatoriano, retuvo ocho veh\u00edculos que transportaban 69,54 metros c\u00fabicos de producto forestal, sin la debida documentaci\u00f3n y justificaci\u00f3n, en diversos operativos de control en la provincia de Morona Santiago. Durante estas jornadas, en las que participaron funcionarios de la Direcci\u00f3n Provincial&hellip; <a href=\"https:\/\/www.ambienteyenergia.gob.ec\/ambiente\/mae-retuvo-6954-metros-cubicos-de-producto-forestal-en-morona-santiago\/\">Read more &rarr;<\/a><\/p>\n","protected":false},"author":13,"featured_media":22114,"comment_status":"open","ping_status":"open","sticky":false,"template":"","format":"standard","meta":{"footnotes":""},"categories":[16,4],"tags":[261,546,53,441],"class_list":["post-22113","post","type-post","status-publish","format-standard","has-post-thumbnail","hentry","category-comunicamos","category-noticias","tag-control-forestal","tag-lorenatapia","tag-mae","tag-morona-santiago","xfolkentry"],"_links":{"self":[{"href":"https:\/\/www.ambienteyenergia.gob.ec\/ambiente\/wp-json\/wp\/v2\/posts\/22113","targetHints":{"allow":["GET"]}}],"collection":[{"href":"https:\/\/www.ambienteyenergia.gob.ec\/ambiente\/wp-json\/wp\/v2\/posts"}],"about":[{"href":"https:\/\/www.ambienteyenergia.gob.ec\/ambiente\/wp-json\/wp\/v2\/types\/post"}],"author":[{"embeddable":true,"href":"https:\/\/www.ambienteyenergia.gob.ec\/ambiente\/wp-json\/wp\/v2\/users\/13"}],"replies":[{"embeddable":true,"href":"https:\/\/www.ambienteyenergia.gob.ec\/ambiente\/wp-json\/wp\/v2\/comments?post=22113"}],"version-history":[{"count":0,"href":"https:\/\/www.ambienteyenergia.gob.ec\/ambiente\/wp-json\/wp\/v2\/posts\/22113\/revisions"}],"wp:featuredmedia":[{"embeddable":true,"href":"https:\/\/www.ambienteyenergia.gob.ec\/ambiente\/wp-json\/wp\/v2\/media\/22114"}],"wp:attachment":[{"href":"https:\/\/www.ambienteyenergia.gob.ec\/ambiente\/wp-json\/wp\/v2\/media?parent=22113"}],"wp:term":[{"taxonomy":"category","embeddable":true,"href":"https:\/\/www.ambienteyenergia.gob.ec\/ambiente\/wp-json\/wp\/v2\/categories?post=22113"},{"taxonomy":"post_tag","embeddable":true,"href":"https:\/\/www.ambienteyenergia.gob.ec\/ambiente\/wp-json\/wp\/v2\/tags?post=22113"}],"curies":[{"name":"wp","href":"https:\/\/api.w.org\/{rel}","templated":true}]}}