{"id":22105,"date":"2014-08-22T16:04:41","date_gmt":"2014-08-22T21:04:41","guid":{"rendered":"http:\/\/www.ambiente.gob.ec\/?p=22105"},"modified":"2014-08-22T16:40:17","modified_gmt":"2014-08-22T21:40:17","slug":"mae-difundio-buenas-practicas-ambientales-en-peregrinacion-religiosa-en-loja","status":"publish","type":"post","link":"https:\/\/www.ambienteyenergia.gob.ec\/ambiente\/mae-difundio-buenas-practicas-ambientales-en-peregrinacion-religiosa-en-loja\/","title":{"rendered":"MAE difundi\u00f3 buenas pr\u00e1cticas ambientales en peregrinaci\u00f3n religiosa en Loja"},"content":{"rendered":"<p class=\"western\" style=\"margin-top: 0.18cm; margin-bottom: 0.18cm; line-height: d%;\" align=\"JUSTIFY\">Funcionarios del Ministerio del Ambiente (MAE) y j\u00f3venes del Servicio Civil Ciudadano (SCC) de la provincia de Loja, difundieron las campa\u00f1as de prevenci\u00f3n de incendios forestales, reciclaje de botellas pl\u00e1sticas, y recolecci\u00f3n de basura, durante la peregrinaci\u00f3n religiosa de la Virgen del Cisne, en la que participaron alrededor de un mill\u00f3n setecientos mil fieles.<\/p>\n<p class=\"western\" style=\"margin-top: 0.18cm; margin-bottom: 0.18cm; line-height: d%;\" align=\"JUSTIFY\">A partir de las 5:00 de la ma\u00f1ana, los estudiantes y el personal de esta Cartera de Estado se ubicaron en varios puntos del tramo comprendido entre Catamayo y la ciudad de Loja. Desde esa hora, miles de devotos comenzaron a movilizarse en este trayecto de 33 km.<\/p>\n<p class=\"western\" style=\"margin-top: 0.18cm; margin-bottom: 0.18cm; line-height: d%;\" align=\"JUSTIFY\">Frente a las actividades de comercio de alimentos y expendio de bebidas, el equipo del MAE y SCC logr\u00f3 concienciar a los comerciantes para que apliquen buenas pr\u00e1cticas ambientales, y apaguen las fogatas generadas en el desarrollo de su trabajo, para evitar futuros incendios. Adem\u00e1s, se recolectaron botellas pl\u00e1sticas, y se pidi\u00f3 a los peregrinos que no arrojen basura en la v\u00eda.<\/p>\n","protected":false},"excerpt":{"rendered":"<p class=\"excerpt\">Funcionarios del Ministerio del Ambiente (MAE) y j\u00f3venes del Servicio Civil Ciudadano (SCC) de la provincia de Loja, difundieron las campa\u00f1as de prevenci\u00f3n de incendios forestales, reciclaje de botellas pl\u00e1sticas, y recolecci\u00f3n de basura, durante la peregrinaci\u00f3n religiosa de la Virgen del Cisne, en la que participaron alrededor de un mill\u00f3n setecientos mil fieles. A partir de las 5:00 de&hellip; <a href=\"https:\/\/www.ambienteyenergia.gob.ec\/ambiente\/mae-difundio-buenas-practicas-ambientales-en-peregrinacion-religiosa-en-loja\/\">Read more &rarr;<\/a><\/p>\n","protected":false},"author":13,"featured_media":22106,"comment_status":"open","ping_status":"open","sticky":false,"template":"","format":"standard","meta":{"footnotes":""},"categories":[16,4],"tags":[221,387,545],"class_list":["post-22105","post","type-post","status-publish","format-standard","has-post-thumbnail","hentry","category-comunicamos","category-noticias","tag-loja","tag-mae-lorena-tapia","tag-virgen-del-cisne","xfolkentry"],"_links":{"self":[{"href":"https:\/\/www.ambienteyenergia.gob.ec\/ambiente\/wp-json\/wp\/v2\/posts\/22105","targetHints":{"allow":["GET"]}}],"collection":[{"href":"https:\/\/www.ambienteyenergia.gob.ec\/ambiente\/wp-json\/wp\/v2\/posts"}],"about":[{"href":"https:\/\/www.ambienteyenergia.gob.ec\/ambiente\/wp-json\/wp\/v2\/types\/post"}],"author":[{"embeddable":true,"href":"https:\/\/www.ambienteyenergia.gob.ec\/ambiente\/wp-json\/wp\/v2\/users\/13"}],"replies":[{"embeddable":true,"href":"https:\/\/www.ambienteyenergia.gob.ec\/ambiente\/wp-json\/wp\/v2\/comments?post=22105"}],"version-history":[{"count":0,"href":"https:\/\/www.ambienteyenergia.gob.ec\/ambiente\/wp-json\/wp\/v2\/posts\/22105\/revisions"}],"wp:featuredmedia":[{"embeddable":true,"href":"https:\/\/www.ambienteyenergia.gob.ec\/ambiente\/wp-json\/wp\/v2\/media\/22106"}],"wp:attachment":[{"href":"https:\/\/www.ambienteyenergia.gob.ec\/ambiente\/wp-json\/wp\/v2\/media?parent=22105"}],"wp:term":[{"taxonomy":"category","embeddable":true,"href":"https:\/\/www.ambienteyenergia.gob.ec\/ambiente\/wp-json\/wp\/v2\/categories?post=22105"},{"taxonomy":"post_tag","embeddable":true,"href":"https:\/\/www.ambienteyenergia.gob.ec\/ambiente\/wp-json\/wp\/v2\/tags?post=22105"}],"curies":[{"name":"wp","href":"https:\/\/api.w.org\/{rel}","templated":true}]}}