{"id":22099,"date":"2014-08-22T01:10:08","date_gmt":"2014-08-22T06:10:08","guid":{"rendered":"http:\/\/www.ambiente.gob.ec\/?p=22099"},"modified":"2014-08-22T01:10:08","modified_gmt":"2014-08-22T06:10:08","slug":"mae-y-abg-trabajan-en-la-identificacion-de-invertebrados-invasivos","status":"publish","type":"post","link":"https:\/\/www.ambienteyenergia.gob.ec\/ambiente\/mae-y-abg-trabajan-en-la-identificacion-de-invertebrados-invasivos\/","title":{"rendered":"MAE y ABG trabajan en la identificaci\u00f3n de invertebrados invasivos"},"content":{"rendered":"<p align=\"JUSTIFY\"><span style=\"font-family: Arial, serif;\">Las especies introducidas de invertebrados invasor<\/span><span style=\"font-family: Arial, serif;\">e<\/span><span style=\"font-family: Arial, serif;\">s son consideradas una de las principales amenazas para la flora y fauna end\u00e9mica de las Islas Gal\u00e1pagos. <\/span><\/p>\n<p align=\"JUSTIFY\"><span style=\"font-family: Arial, serif;\">Por ello, el Ministerio del Ambiente, a trav\u00e9s de la Agencia de Regulaci\u00f3n y Control de la Bioseguridad y Cuarentena para Gal\u00e1pagos (ABG), monitorea, identifica y levanta informaci\u00f3n de estas especies que ingresan por medio de barcos y aviones, con el fin de llevar un control y evitar <\/span><span style=\"font-family: Arial, serif;\">la posible introducci\u00f3n de <\/span><span style=\"font-family: Arial, serif;\">nuevas especies<\/span><span style=\"font-family: Arial, serif;\"> en<\/span><span style=\"font-family: Arial, serif;\"> la regi\u00f3n insular. <\/span><\/p>\n<p align=\"JUSTIFY\"><span style=\"font-family: Arial, serif;\">Una de las estrategias implementadas en la isla es la fumigaci\u00f3n de las aeronaves que ingresan, a cargo del personal de la aerol\u00ednea. Una vez concluido \u00e9ste proceso, t\u00e9cnicos de la ABG realizan una recolecci\u00f3n de invertebrados por medio de maquinas aspiradoras el\u00e9ctricas.<\/span><\/p>\n<p align=\"JUSTIFY\"><span style=\"font-family: Arial, serif;\">Estos individuos<\/span><span style=\"font-family: Arial, serif;\">,<\/span><span style=\"font-family: Arial, serif;\"> que en la mayor\u00eda de los casos corresponden a moscas, mosquitos, chinches, avispas, son recolectados en envases pl\u00e1sticos herm\u00e9ticos y son trasladadas al laboratorio de entomolog\u00eda de la Agencia de Bioseguridad donde son limpiados, ordenados y luego son identificadas para determinar la presencia de <\/span><span style=\"font-family: Arial, serif;\">posibles <\/span><span style=\"font-family: Arial, serif;\">nuevas especies, <\/span><span style=\"font-family: Arial, serif;\">o determinar su existencia en el archipi\u00e9lago.<\/span><span style=\"font-family: Arial, serif;\"> Para esto se usan claves de identificaci\u00f3n de especies, <\/span><span style=\"font-family: Arial, serif;\">que en<\/span><span style=\"font-family: Arial, serif;\"> colaboraci\u00f3n de la Fundaci\u00f3n Charles Darwin (FCD) se confirma la identificaci\u00f3n del material.<\/span><\/p>\n<p align=\"JUSTIFY\"><span style=\"font-family: Arial, serif;\">Entre las especies de insectos invasores presentes en Gal\u00e1pagos est\u00e1n:<\/span><\/p>\n<p align=\"JUSTIFY\"><span style=\"font-family: 'Times New Roman', serif;\"><span style=\"font-size: medium;\"><span style=\"font-family: Arial, serif;\">La Mosca de la Fruta (<\/span><span style=\"font-family: Arial, serif;\"><i>Ceratitis capitata<\/i><\/span><span style=\"font-family: Arial, serif;\">), insecto que <\/span><span style=\"font-family: Arial, serif;\">se alimenta de la pulpa de los frutos disminuyendo su calidad y valor comercial, lo cual acelera su madurez y provoca su ca\u00edda.<\/span><\/span><\/span><\/p>\n<p align=\"JUSTIFY\"><span style=\"font-family: 'Times New Roman', serif;\"><span style=\"font-size: medium;\"><span style=\"font-family: Arial, serif;\">El <\/span><em><span style=\"font-family: Arial, serif;\">Caracol <\/span><\/em><em><span style=\"font-family: Arial, serif;\">G<\/span><\/em><em><span style=\"font-family: Arial, serif;\">igante Africano<\/span><\/em><em><span style=\"font-family: Arial, serif;\"> (Achatina fulica), <\/span><\/em><span style=\"font-family: Arial, serif;\"> un molusco originario de \u00c1frica, es considerado como una de las 100 plagas de mayor importancia a nivel mundial. \u00c9stas especies son hermafroditas (poseen dos sexos), pueden llegar a poner de 400 a 1000 huevos. Desplazan a especies de caracoles end\u00e9micos y afectan a varias especies de plantas nativas y end\u00e9micas, adem\u00e1s son portadores de nematodos que causan enfermedades como la meningitis al ser humano.<\/span><\/span><\/span><\/p>\n<p align=\"JUSTIFY\"><span style=\"font-family: 'Times New Roman', serif;\"><span style=\"font-size: medium;\"><span style=\"font-family: Arial, serif;\">La Hormiga Cabezona (<\/span><span style=\"font-family: Arial, serif;\"><i>Pheidone megacephala<\/i><\/span><span style=\"font-family: Arial, serif;\">), <\/span><span style=\"font-family: Arial, serif;\">especie que ha ocasionado serios impactos en la biodiversidad; es conocida por desplazar a las comunidades de invertebrados nativos as\u00ed como perturbar sitios de anidamiento de aves al igual que peque\u00f1os vertebrados. <\/span><\/span><\/span><\/p>\n<p align=\"JUSTIFY\">\n","protected":false},"excerpt":{"rendered":"<p class=\"excerpt\">Las especies introducidas de invertebrados invasores son consideradas una de las principales amenazas para la flora y fauna end\u00e9mica de las Islas Gal\u00e1pagos. Por ello, el Ministerio del Ambiente, a trav\u00e9s de la Agencia de Regulaci\u00f3n y Control de la Bioseguridad y Cuarentena para Gal\u00e1pagos (ABG), monitorea, identifica y levanta informaci\u00f3n de estas especies que ingresan por medio de barcos&hellip; <a href=\"https:\/\/www.ambienteyenergia.gob.ec\/ambiente\/mae-y-abg-trabajan-en-la-identificacion-de-invertebrados-invasivos\/\">Read more &rarr;<\/a><\/p>\n","protected":false},"author":13,"featured_media":22100,"comment_status":"open","ping_status":"open","sticky":false,"template":"","format":"standard","meta":{"footnotes":""},"categories":[16,4],"tags":[411,387],"class_list":["post-22099","post","type-post","status-publish","format-standard","has-post-thumbnail","hentry","category-comunicamos","category-noticias","tag-abg","tag-mae-lorena-tapia","xfolkentry"],"_links":{"self":[{"href":"https:\/\/www.ambienteyenergia.gob.ec\/ambiente\/wp-json\/wp\/v2\/posts\/22099","targetHints":{"allow":["GET"]}}],"collection":[{"href":"https:\/\/www.ambienteyenergia.gob.ec\/ambiente\/wp-json\/wp\/v2\/posts"}],"about":[{"href":"https:\/\/www.ambienteyenergia.gob.ec\/ambiente\/wp-json\/wp\/v2\/types\/post"}],"author":[{"embeddable":true,"href":"https:\/\/www.ambienteyenergia.gob.ec\/ambiente\/wp-json\/wp\/v2\/users\/13"}],"replies":[{"embeddable":true,"href":"https:\/\/www.ambienteyenergia.gob.ec\/ambiente\/wp-json\/wp\/v2\/comments?post=22099"}],"version-history":[{"count":0,"href":"https:\/\/www.ambienteyenergia.gob.ec\/ambiente\/wp-json\/wp\/v2\/posts\/22099\/revisions"}],"wp:featuredmedia":[{"embeddable":true,"href":"https:\/\/www.ambienteyenergia.gob.ec\/ambiente\/wp-json\/wp\/v2\/media\/22100"}],"wp:attachment":[{"href":"https:\/\/www.ambienteyenergia.gob.ec\/ambiente\/wp-json\/wp\/v2\/media?parent=22099"}],"wp:term":[{"taxonomy":"category","embeddable":true,"href":"https:\/\/www.ambienteyenergia.gob.ec\/ambiente\/wp-json\/wp\/v2\/categories?post=22099"},{"taxonomy":"post_tag","embeddable":true,"href":"https:\/\/www.ambienteyenergia.gob.ec\/ambiente\/wp-json\/wp\/v2\/tags?post=22099"}],"curies":[{"name":"wp","href":"https:\/\/api.w.org\/{rel}","templated":true}]}}