{"id":22096,"date":"2014-08-26T15:15:58","date_gmt":"2014-08-26T20:15:58","guid":{"rendered":"http:\/\/www.ambiente.gob.ec\/?p=22096"},"modified":"2014-08-28T12:33:59","modified_gmt":"2014-08-28T17:33:59","slug":"mae-protege-sitio-de-interes-turistico-de-la-isla-isabela","status":"publish","type":"post","link":"https:\/\/www.ambienteyenergia.gob.ec\/ambiente\/mae-protege-sitio-de-interes-turistico-de-la-isla-isabela\/","title":{"rendered":"MAE protege sitio de inter\u00e9s tur\u00edstico de la isla Isabela"},"content":{"rendered":"<p style=\"text-align: justify;\">La explotaci\u00f3n de granillo en una antigua mina form\u00f3 una nueva laguna en la que se observan diferentes especies de aves.<\/p>\n<p style=\"text-align: justify;\">La antigua mina de granillo de \u201cEl Chap\u00edn\u201d cercana a Puerto Villamil, en la isla Isabela, se ha convertido en un nuevo sitio de inter\u00e9s tur\u00edstico, dado que con el paso de los a\u00f1os en el \u00e1rea de extracci\u00f3n de material se ha filtrado agua salobre, lo que ha atra\u00eddo a diferentes especies de aves end\u00e9micas y nativas de las islas.<\/p>\n<p style=\"text-align: justify;\">Esta laguna natural es ahora un importante sitio de inter\u00e9s tur\u00edstico, aunque no se encuentra dentro de la red de sitios de uso p\u00fablico de la Direcci\u00f3n del Parque Nacional Gal\u00e1pagos (DPNG). Por ello, la autoridad ambiental implement\u00f3 un cercado para protecci\u00f3n del contorno y seguridad de los turistas que visitan la laguna.<\/p>\n<p style=\"text-align: justify;\"><strong>Una laguna con historia:<\/strong><\/p>\n<p style=\"text-align: justify;\">Hasta el a\u00f1o 2008, en la mina de \u201cEl Chap\u00edn\u201d se realizaba extracci\u00f3n de granillo para las diferentes obras p\u00fablicas del cant\u00f3n Isabela, hasta que se lleg\u00f3 al manto fre\u00e1tico (nivel en el que se filtra el agua en el subsuelo) y se suspendieron las actividades de extracci\u00f3n.<\/p>\n<p style=\"text-align: justify;\">Un a\u00f1o m\u00e1s tarde, la avifauna propia de esta parte de la isla como flamengos, patillos, gallinulas y teros reales, empezaron a visitar esta laguna para alimentarse, hasta que se establecieron permanentemente.<\/p>\n","protected":false},"excerpt":{"rendered":"<p class=\"excerpt\">La explotaci\u00f3n de granillo en una antigua mina form\u00f3 una nueva laguna en la que se observan diferentes especies de aves. La antigua mina de granillo de \u201cEl Chap\u00edn\u201d cercana a Puerto Villamil, en la isla Isabela, se ha convertido en un nuevo sitio de inter\u00e9s tur\u00edstico, dado que con el paso de los a\u00f1os en el \u00e1rea de extracci\u00f3n&hellip; <a href=\"https:\/\/www.ambienteyenergia.gob.ec\/ambiente\/mae-protege-sitio-de-interes-turistico-de-la-isla-isabela\/\">Read more &rarr;<\/a><\/p>\n","protected":false},"author":13,"featured_media":22191,"comment_status":"open","ping_status":"open","sticky":false,"template":"","format":"standard","meta":{"footnotes":""},"categories":[16,4,1],"tags":[394,387,152],"class_list":["post-22096","post","type-post","status-publish","format-standard","has-post-thumbnail","hentry","category-comunicamos","category-noticias","category-sin-categoria","tag-direccion-del-parque-nacional-galapagos","tag-mae-lorena-tapia","tag-patrimonio-mundial","xfolkentry"],"_links":{"self":[{"href":"https:\/\/www.ambienteyenergia.gob.ec\/ambiente\/wp-json\/wp\/v2\/posts\/22096","targetHints":{"allow":["GET"]}}],"collection":[{"href":"https:\/\/www.ambienteyenergia.gob.ec\/ambiente\/wp-json\/wp\/v2\/posts"}],"about":[{"href":"https:\/\/www.ambienteyenergia.gob.ec\/ambiente\/wp-json\/wp\/v2\/types\/post"}],"author":[{"embeddable":true,"href":"https:\/\/www.ambienteyenergia.gob.ec\/ambiente\/wp-json\/wp\/v2\/users\/13"}],"replies":[{"embeddable":true,"href":"https:\/\/www.ambienteyenergia.gob.ec\/ambiente\/wp-json\/wp\/v2\/comments?post=22096"}],"version-history":[{"count":0,"href":"https:\/\/www.ambienteyenergia.gob.ec\/ambiente\/wp-json\/wp\/v2\/posts\/22096\/revisions"}],"wp:featuredmedia":[{"embeddable":true,"href":"https:\/\/www.ambienteyenergia.gob.ec\/ambiente\/wp-json\/wp\/v2\/media\/22191"}],"wp:attachment":[{"href":"https:\/\/www.ambienteyenergia.gob.ec\/ambiente\/wp-json\/wp\/v2\/media?parent=22096"}],"wp:term":[{"taxonomy":"category","embeddable":true,"href":"https:\/\/www.ambienteyenergia.gob.ec\/ambiente\/wp-json\/wp\/v2\/categories?post=22096"},{"taxonomy":"post_tag","embeddable":true,"href":"https:\/\/www.ambienteyenergia.gob.ec\/ambiente\/wp-json\/wp\/v2\/tags?post=22096"}],"curies":[{"name":"wp","href":"https:\/\/api.w.org\/{rel}","templated":true}]}}