{"id":22093,"date":"2014-08-21T15:00:59","date_gmt":"2014-08-21T20:00:59","guid":{"rendered":"http:\/\/www.ambiente.gob.ec\/?p=22093"},"modified":"2014-08-21T15:00:59","modified_gmt":"2014-08-21T20:00:59","slug":"2-000-cangrejos-decomisados-en-operativos-de-control-en-la-provincia-del-guayas","status":"publish","type":"post","link":"https:\/\/www.ambienteyenergia.gob.ec\/ambiente\/2-000-cangrejos-decomisados-en-operativos-de-control-en-la-provincia-del-guayas\/","title":{"rendered":"2 000 cangrejos decomisados en operativos de control en la provincia del Guayas"},"content":{"rendered":"<p class=\"western\" lang=\"en-US\" align=\"JUSTIFY\"><span style=\"font-family: Arial, serif;\"><span lang=\"es-EC\">El Ministerio del Ambiente <\/span><\/span><span style=\"font-family: Arial, serif;\"><span lang=\"es-EC\">de Ecuador (MAE)<\/span><\/span><span style=\"font-family: Arial, serif;\"><span lang=\"es-EC\"> contin\u00faa con los <\/span><\/span><span style=\"font-family: Arial, serif;\"><span lang=\"es-EC\">operativos de <\/span><\/span><span style=\"font-family: Arial, serif;\"><span lang=\"es-EC\">control y vigilancia dentro de las \u00e1reas protegidas marinas y costeras de la Provincia del Guayas, lo que ha permitido devolver al manglar m\u00e1s de 2 000 cangrejos para que contin\u00faen con el proceso de muda, durante el tiempo de veda del cangrejo rojo y azul.<\/span><\/span><\/p>\n<p class=\"western\" lang=\"en-US\" align=\"JUSTIFY\"><span style=\"font-family: Arial, serif;\"><span lang=\"es-EC\">El <\/span><\/span><span style=\"font-family: Arial, serif;\"><span lang=\"es-EC\">pasado<\/span><\/span><span style=\"font-family: Arial, serif;\"><span lang=\"es-EC\"> fin de semana <\/span><\/span><span style=\"font-family: Arial, serif;\"><span lang=\"es-EC\">la Direcci\u00f3n Provincial del Ambiente de Guayas<\/span><\/span><span style=\"font-family: Arial, serif;\"><span lang=\"es-EC\"> trabaj\u00f3 coordinadamente con la <\/span><\/span><span style=\"font-family: Arial, serif;\"><span lang=\"es-EC\">Unidad de Protecci\u00f3n<\/span><\/span><span style=\"font-family: Arial, serif;\"><span lang=\"es-EC\"> de<\/span><\/span><span style=\"font-family: Arial, serif;\"><span lang=\"es-EC\">l<\/span><\/span><span style=\"font-family: Arial, serif;\"><span lang=\"es-EC\"> Medio Ambiente (UPMA) <\/span><\/span><span style=\"font-family: Arial, serif;\"><span lang=\"es-EC\">de la Polic\u00eda Nacional<\/span><\/span><span style=\"font-family: Arial, serif;\"><span lang=\"es-EC\"> en la Reserva de Producci\u00f3n de Fauna Manglares El Salado (RPFMS) y la Reserva Ecol\u00f3gica Manglares Churute (REMCH).<\/span><\/span><\/p>\n<p class=\"western\" align=\"JUSTIFY\"><span style=\"font-family: Arial, serif;\">En la reserva El Salado se produjo el decomiso cangrejo y la detenci\u00f3n de los implicados que transportaban 21 sacos con cangrejos, dentro de lanchas y canoas que se trasladaban hacia el Suburbio de Guayaquil.<\/span><\/p>\n<p class=\"western\" lang=\"en-US\" align=\"JUSTIFY\"><span style=\"font-family: Arial, serif;\"><span lang=\"es-EC\">Pablo Segale, Director Provincial del Ambiente de Guayas, mencion\u00f3 que \u201ces necesario que todos entiendan el respeto que se debe dar a la naturaleza, lo que nos permitir\u00e1 seguir <\/span><\/span><span style=\"font-family: Arial, serif;\"><span lang=\"es-EC\">d<\/span><\/span><span style=\"font-family: Arial, serif;\"><span lang=\"es-EC\">isfrutando de este crust\u00e1ceo\u201d.<\/span><\/span><\/p>\n<p class=\"western\" align=\"JUSTIFY\"><span style=\"font-family: Arial, serif;\">Segale record\u00f3 que en este periodo el cangrejo se encuentra en fase de muda del caparaz\u00f3n, por lo tanto no se puede consumir, ya que segrega un compuesto qu\u00edmico llamado oxalato de calcio, el que los ayuda a formar un nuevo caparaz\u00f3n o exoesqueleto, pero resulta perjudicial para la salud humana si es ingerido.<\/span><\/p>\n<p class=\"western\" lang=\"en-US\" align=\"JUSTIFY\"><span style=\"font-family: Arial, serif;\"><span lang=\"es-EC\">Sebasti\u00e1n Alvarado, jefe de la RPFMS, asegur\u00f3 que continuar\u00e1n los operativos <\/span><\/span><span style=\"font-family: Arial, serif;\"><span lang=\"es-EC\">de control en \u00e9poca<\/span><\/span><span style=\"font-family: Arial, serif;\"><span lang=\"es-EC\"> de veda. <\/span><\/span><span style=\"font-family: Arial, serif;\"><span lang=\"es-EC\">Los ciudadanos que<\/span><\/span><span style=\"font-family: Arial, serif;\"><span lang=\"es-EC\"> regularmente se dedican a <\/span><\/span><span style=\"font-family: Arial, serif;\"><span lang=\"es-EC\">la<\/span><\/span><span style=\"font-family: Arial, serif;\"><span lang=\"es-EC\"> captura <\/span><\/span><span style=\"font-family: Arial, serif;\"><span lang=\"es-EC\">de cangrejo<\/span><\/span><span style=\"font-family: Arial, serif;\"><span lang=\"es-EC\"> deben realizar otras actividades como la extracci\u00f3n de camar\u00f3n y pesca blanca como: corvinas, robalos, entre otros, <\/span><\/span><span style=\"font-family: Arial, serif;\"><span lang=\"es-EC\">mientras dure este proceso natural.<\/span><\/span><\/p>\n<p class=\"western\" align=\"JUSTIFY\"><span style=\"font-family: Arial, serif;\">Entre tanto, en la REMCH no se reportaron actividades il\u00edcitas; sin embargo, entre el 10 al 14 de agosto, previo al tiempo de veda, en controles efectuados en los sectores Soledad Grande, Isla Churutillo, Canal de Matorrillos e Isla de los Ingleses, se decomisaron aproximadamente 40 sacos con cangrejos extra\u00eddos con trampas \u2013proceso ilegal-, desmantelando campamentos ilegales dedicados a la captura del crust\u00e1ceo.<\/span><\/p>\n","protected":false},"excerpt":{"rendered":"<p class=\"excerpt\">El Ministerio del Ambiente de Ecuador (MAE) contin\u00faa con los operativos de control y vigilancia dentro de las \u00e1reas protegidas marinas y costeras de la Provincia del Guayas, lo que ha permitido devolver al manglar m\u00e1s de 2 000 cangrejos para que contin\u00faen con el proceso de muda, durante el tiempo de veda del cangrejo rojo y azul. El pasado&hellip; <a href=\"https:\/\/www.ambienteyenergia.gob.ec\/ambiente\/2-000-cangrejos-decomisados-en-operativos-de-control-en-la-provincia-del-guayas\/\">Read more &rarr;<\/a><\/p>\n","protected":false},"author":13,"featured_media":22094,"comment_status":"open","ping_status":"open","sticky":false,"template":"","format":"standard","meta":{"footnotes":""},"categories":[16,4],"tags":[387],"class_list":["post-22093","post","type-post","status-publish","format-standard","has-post-thumbnail","hentry","category-comunicamos","category-noticias","tag-mae-lorena-tapia","xfolkentry"],"_links":{"self":[{"href":"https:\/\/www.ambienteyenergia.gob.ec\/ambiente\/wp-json\/wp\/v2\/posts\/22093","targetHints":{"allow":["GET"]}}],"collection":[{"href":"https:\/\/www.ambienteyenergia.gob.ec\/ambiente\/wp-json\/wp\/v2\/posts"}],"about":[{"href":"https:\/\/www.ambienteyenergia.gob.ec\/ambiente\/wp-json\/wp\/v2\/types\/post"}],"author":[{"embeddable":true,"href":"https:\/\/www.ambienteyenergia.gob.ec\/ambiente\/wp-json\/wp\/v2\/users\/13"}],"replies":[{"embeddable":true,"href":"https:\/\/www.ambienteyenergia.gob.ec\/ambiente\/wp-json\/wp\/v2\/comments?post=22093"}],"version-history":[{"count":0,"href":"https:\/\/www.ambienteyenergia.gob.ec\/ambiente\/wp-json\/wp\/v2\/posts\/22093\/revisions"}],"wp:featuredmedia":[{"embeddable":true,"href":"https:\/\/www.ambienteyenergia.gob.ec\/ambiente\/wp-json\/wp\/v2\/media\/22094"}],"wp:attachment":[{"href":"https:\/\/www.ambienteyenergia.gob.ec\/ambiente\/wp-json\/wp\/v2\/media?parent=22093"}],"wp:term":[{"taxonomy":"category","embeddable":true,"href":"https:\/\/www.ambienteyenergia.gob.ec\/ambiente\/wp-json\/wp\/v2\/categories?post=22093"},{"taxonomy":"post_tag","embeddable":true,"href":"https:\/\/www.ambienteyenergia.gob.ec\/ambiente\/wp-json\/wp\/v2\/tags?post=22093"}],"curies":[{"name":"wp","href":"https:\/\/api.w.org\/{rel}","templated":true}]}}