{"id":22090,"date":"2014-08-21T10:46:50","date_gmt":"2014-08-21T15:46:50","guid":{"rendered":"http:\/\/www.ambiente.gob.ec\/?p=22090"},"modified":"2014-08-21T10:46:50","modified_gmt":"2014-08-21T15:46:50","slug":"mae-decomisa-60-metros-cubicos-de-madera-nativa-ilegal-en-la-via-macas-riobamba","status":"publish","type":"post","link":"https:\/\/www.ambienteyenergia.gob.ec\/ambiente\/mae-decomisa-60-metros-cubicos-de-madera-nativa-ilegal-en-la-via-macas-riobamba\/","title":{"rendered":"MAE decomisa 60 metros c\u00fabicos de madera nativa ilegal en la v\u00eda Macas &#8211; Riobamba"},"content":{"rendered":"<p style=\"text-align: justify;\" align=\"JUSTIFY\"><span style=\"font-family: Calibri, sans-serif;\">Funcionarios del Ministerio del Ambiente del Ecuador (MAE), conjuntamente con el personal de la Unidad de Protecci\u00f3n de Medio Ambiente (UPMA) de la Polic\u00eda Nacional, detuvieron 3 veh\u00edculos que transportaban madera ilegal, en un operativo de control forestal en la provincia de Chimborazo.<\/span><\/p>\n<p style=\"text-align: justify;\" align=\"JUSTIFY\"><span style=\"font-family: Calibri, sans-serif;\">El trabajo de control realizado la madrugada de ayer, por t\u00e9cnicos de la Unidad de Patrimonio Natural del MAE y personal de la UPMA, dio como resultado el decomiso de un total de 60 metros c\u00fabicos de madera nativa identificada como sangre de gallina, sap\u00e1n de paloma, higuer\u00f3n y copal que probablemente ser\u00edan comercializada en la provincia de Azuay.<\/span><\/p>\n<p style=\"text-align: justify;\" align=\"JUSTIFY\"><span style=\"font-family: Calibri, sans-serif;\">Los camiones no pose\u00edan la gu\u00eda de movilizaci\u00f3n, documentos habilitantes que autorizan el transporte de recursos forestales en el pa\u00eds, por lo que se procedi\u00f3 a realizar la detenci\u00f3n de los veh\u00edculos infractores. <\/span><\/p>\n<p lang=\"es-EC\" style=\"text-align: justify;\" align=\"JUSTIFY\"><span style=\"font-family: Calibri, sans-serif;\"><span style=\"font-size: medium;\">La madera decomisada se encuentra bajo custodia del MAE en Chimborazo, hasta que termine el proceso administrativo correspondiente, conforme lo establece la <span lang=\"es-MX\">Ley Forestal y de Conservaci\u00f3n de \u00c1reas Naturales y Vida Silvestre, <\/span><span lang=\"es-MX\">luego de lo cual esta Cartera de Estado definir\u00e1 su disposici\u00f3n final.<\/span><\/span><\/span><\/p>\n<p style=\"text-align: justify;\" align=\"JUSTIFY\"><span style=\"font-family: Calibri, sans-serif;\"><span style=\"font-size: medium;\"><span lang=\"es-EC\">La tala indiscriminada y los incendios reducen cada vez m\u00e1s los recursos forestales <\/span><span lang=\"es-EC\">de nuestro pa\u00eds<\/span><span lang=\"es-EC\">, es por ese motivo que el MAE <\/span>promueve el manejo sustentable de los recursos naturales <span lang=\"es-EC\">para el buen vivir de los ecuatorianos.<\/span><\/span><\/span><\/p>\n","protected":false},"excerpt":{"rendered":"<p class=\"excerpt\">Funcionarios del Ministerio del Ambiente del Ecuador (MAE), conjuntamente con el personal de la Unidad de Protecci\u00f3n de Medio Ambiente (UPMA) de la Polic\u00eda Nacional, detuvieron 3 veh\u00edculos que transportaban madera ilegal, en un operativo de control forestal en la provincia de Chimborazo. El trabajo de control realizado la madrugada de ayer, por t\u00e9cnicos de la Unidad de Patrimonio Natural&hellip; <a href=\"https:\/\/www.ambienteyenergia.gob.ec\/ambiente\/mae-decomisa-60-metros-cubicos-de-madera-nativa-ilegal-en-la-via-macas-riobamba\/\">Read more &rarr;<\/a><\/p>\n","protected":false},"author":13,"featured_media":22091,"comment_status":"open","ping_status":"open","sticky":false,"template":"","format":"standard","meta":{"footnotes":""},"categories":[16,4],"tags":[387],"class_list":["post-22090","post","type-post","status-publish","format-standard","has-post-thumbnail","hentry","category-comunicamos","category-noticias","tag-mae-lorena-tapia","xfolkentry"],"_links":{"self":[{"href":"https:\/\/www.ambienteyenergia.gob.ec\/ambiente\/wp-json\/wp\/v2\/posts\/22090","targetHints":{"allow":["GET"]}}],"collection":[{"href":"https:\/\/www.ambienteyenergia.gob.ec\/ambiente\/wp-json\/wp\/v2\/posts"}],"about":[{"href":"https:\/\/www.ambienteyenergia.gob.ec\/ambiente\/wp-json\/wp\/v2\/types\/post"}],"author":[{"embeddable":true,"href":"https:\/\/www.ambienteyenergia.gob.ec\/ambiente\/wp-json\/wp\/v2\/users\/13"}],"replies":[{"embeddable":true,"href":"https:\/\/www.ambienteyenergia.gob.ec\/ambiente\/wp-json\/wp\/v2\/comments?post=22090"}],"version-history":[{"count":0,"href":"https:\/\/www.ambienteyenergia.gob.ec\/ambiente\/wp-json\/wp\/v2\/posts\/22090\/revisions"}],"wp:featuredmedia":[{"embeddable":true,"href":"https:\/\/www.ambienteyenergia.gob.ec\/ambiente\/wp-json\/wp\/v2\/media\/22091"}],"wp:attachment":[{"href":"https:\/\/www.ambienteyenergia.gob.ec\/ambiente\/wp-json\/wp\/v2\/media?parent=22090"}],"wp:term":[{"taxonomy":"category","embeddable":true,"href":"https:\/\/www.ambienteyenergia.gob.ec\/ambiente\/wp-json\/wp\/v2\/categories?post=22090"},{"taxonomy":"post_tag","embeddable":true,"href":"https:\/\/www.ambienteyenergia.gob.ec\/ambiente\/wp-json\/wp\/v2\/tags?post=22090"}],"curies":[{"name":"wp","href":"https:\/\/api.w.org\/{rel}","templated":true}]}}